{"id":9115,"date":"2019-05-03T08:41:28","date_gmt":"2019-05-03T06:41:28","guid":{"rendered":"https:\/\/www.sivsa.com\/site\/?p=9115"},"modified":"2022-05-30T17:56:23","modified_gmt":"2022-05-30T15:56:23","slug":"empleo-practicas-foro-emprego-esei","status":"publish","type":"post","link":"https:\/\/www.sivsa.com\/site\/empleo-practicas-foro-emprego-esei\/","title":{"rendered":"Presentamos nuestra oferta de empleo y pr\u00e1cticas en el IV Foro de Emprego ESEI"},"content":{"rendered":"<p>SIVSA ha dado a conocer en la cuarta edici\u00f3n do Foro de Emprego ESEI su <strong>oferta de empleo y pr\u00e1cticas curriculares y extracurriculares entre estudiantes y m\u00e1ster del \u00e1mbito de las TIC<\/strong>, recibiendo una respuesta muy positiva por parte del alumnado y de profesionales que actualmente est\u00e1n inmersos en una b\u00fasqueda activa de trabajo.<\/p>\n<p>La jornada, celebrada en la Escola Superior de Enxe\u00f1ar\u00eda Inform\u00e1tica de Ourense (Uvigo) el pasado mi\u00e9rcoles 24 de abril, permiti\u00f3 a nuestra responsable de Recursos Humanos, Mabel Ferreiro, entrevistar a m\u00e1s de una decena de candidatos interesados en desarrollar el proyecto, las pr\u00e1cticas fin de grado o formar parte de nuestro equipo. \u201cEs una experiencia cien por cien recomendable para los alumnos, tanto a nivel personal como profesional, porque les permite conocer qu\u00e9 demandan las empresas, las salidas laborales y enfrentarse a una primera entrevista laboral\u201d, destaca Ferreiro.<\/p>\n<p>La participaci\u00f3n en el Foro de Emprego ESEI ha supuesto para SIVSA una excelente oportunidad para captar nuevo talento TIC y trasladar las oportunidades de desarrollo profesional que ofrecemos, tanto en Espa\u00f1a como en el Exterior.<\/p>\n<p>Puedes conocer las ofertas de empleo activas en nuestra compa\u00f1\u00eda visitando la\u00a0<a href=\"https:\/\/www.sivsa.com\/site\/empleo\/\">secci\u00f3n de empleo<\/a>.<\/p>\n","protected":false},"excerpt":{"rendered":"<p>SIVSA ha dado a conocer en la cuarta edici\u00f3n do Foro de Emprego ESEI su oferta de empleo y pr\u00e1cticas curriculares y extracurriculares entre estudiantes y m\u00e1ster del \u00e1mbito de las TIC, recibiendo una respuesta muy positiva por parte del alumnado y de profesionales que actualmente est\u00e1n inmersos en una b\u00fasqueda activa de trabajo. La&#8230;<\/p>\n","protected":false},"author":6,"featured_media":9116,"comment_status":"closed","ping_status":"closed","sticky":false,"template":"","format":"standard","meta":{"xn-wppe-expiration":[],"xn-wppe-expiration-action":[],"xn-wppe-expiration-prefix":[]},"categories":[216],"tags":[279,281,278,280],"yoast_head":"<!-- This site is optimized with the Yoast SEO plugin v19.6.1 - https:\/\/yoast.com\/wordpress\/plugins\/seo\/ -->\n<title>Captamos talento TIC en el IV Foro de Emprego ESEI<\/title>\n<meta name=\"description\" content=\"Presentamos nuestra oferta de empleo y pr\u00e1cticas a estudiantes y m\u00e1ster del sector de las TIC en el IV Foro de Emprego ESEI.\" \/>\n<meta name=\"robots\" content=\"index, follow, max-snippet:-1, max-image-preview:large, max-video-preview:-1\" \/>\n<link rel=\"canonical\" href=\"https:\/\/www.sivsa.com\/site\/empleo-practicas-foro-emprego-esei\/\" \/>\n<meta property=\"og:locale\" content=\"es_ES\" \/>\n<meta property=\"og:type\" content=\"article\" \/>\n<meta property=\"og:title\" content=\"Captamos talento TIC en el IV Foro de Emprego ESEI\" \/>\n<meta property=\"og:description\" content=\"Presentamos nuestra oferta de empleo y pr\u00e1cticas a estudiantes y m\u00e1ster del sector de las TIC en el IV Foro de Emprego ESEI.\" \/>\n<meta property=\"og:url\" content=\"https:\/\/www.sivsa.com\/site\/empleo-practicas-foro-emprego-esei\/\" \/>\n<meta property=\"og:site_name\" content=\"SIVSA\" \/>\n<meta property=\"article:published_time\" content=\"2019-05-03T06:41:28+00:00\" \/>\n<meta property=\"article:modified_time\" content=\"2022-05-30T15:56:23+00:00\" \/>\n<meta property=\"og:image\" content=\"https:\/\/www.sivsa.com\/site\/wp-content\/uploads\/2019\/05\/FORO-EMPREGO-ESEI.jpg\" \/>\n\t<meta property=\"og:image:width\" content=\"960\" \/>\n\t<meta property=\"og:image:height\" content=\"960\" \/>\n\t<meta property=\"og:image:type\" content=\"image\/jpeg\" \/>\n<meta name=\"author\" content=\"redactor\" \/>\n<meta name=\"twitter:card\" content=\"summary\" \/>\n<meta name=\"twitter:creator\" content=\"@sivsa_es\" \/>\n<meta name=\"twitter:site\" content=\"@sivsa_es\" \/>\n<meta name=\"twitter:label1\" content=\"Escrito por\" \/>\n\t<meta name=\"twitter:data1\" content=\"redactor\" \/>\n\t<meta name=\"twitter:label2\" content=\"Tiempo de lectura\" \/>\n\t<meta name=\"twitter:data2\" content=\"1 minuto\" \/>\n<script type=\"application\/ld+json\" class=\"yoast-schema-graph\">{\"@context\":\"https:\/\/schema.org\",\"@graph\":[{\"@type\":\"WebPage\",\"@id\":\"https:\/\/www.sivsa.com\/site\/empleo-practicas-foro-emprego-esei\/\",\"url\":\"https:\/\/www.sivsa.com\/site\/empleo-practicas-foro-emprego-esei\/\",\"name\":\"Captamos talento TIC en el IV Foro de Emprego ESEI\",\"isPartOf\":{\"@id\":\"https:\/\/www.sivsa.com\/site\/#website\"},\"datePublished\":\"2019-05-03T06:41:28+00:00\",\"dateModified\":\"2022-05-30T15:56:23+00:00\",\"author\":{\"@id\":\"https:\/\/www.sivsa.com\/site\/#\/schema\/person\/87d6f8631ae6bb552fd7d5d14c154243\"},\"description\":\"Presentamos nuestra oferta de empleo y pr\u00e1cticas a estudiantes y m\u00e1ster del sector de las TIC en el IV Foro de Emprego ESEI.\",\"breadcrumb\":{\"@id\":\"https:\/\/www.sivsa.com\/site\/empleo-practicas-foro-emprego-esei\/#breadcrumb\"},\"inLanguage\":\"es\",\"potentialAction\":[{\"@type\":\"ReadAction\",\"target\":[\"https:\/\/www.sivsa.com\/site\/empleo-practicas-foro-emprego-esei\/\"]}]},{\"@type\":\"BreadcrumbList\",\"@id\":\"https:\/\/www.sivsa.com\/site\/empleo-practicas-foro-emprego-esei\/#breadcrumb\",\"itemListElement\":[{\"@type\":\"ListItem\",\"position\":1,\"name\":\"Portada\",\"item\":\"https:\/\/www.sivsa.com\/site\/\"},{\"@type\":\"ListItem\",\"position\":2,\"name\":\"Presentamos nuestra oferta de empleo y pr\u00e1cticas en el IV Foro de Emprego ESEI\"}]},{\"@type\":\"WebSite\",\"@id\":\"https:\/\/www.sivsa.com\/site\/#website\",\"url\":\"https:\/\/www.sivsa.com\/site\/\",\"name\":\"SIVSA\",\"description\":\"SIVSA. Communicate in technology\",\"potentialAction\":[{\"@type\":\"SearchAction\",\"target\":{\"@type\":\"EntryPoint\",\"urlTemplate\":\"https:\/\/www.sivsa.com\/site\/?s={search_term_string}\"},\"query-input\":\"required name=search_term_string\"}],\"inLanguage\":\"es\"},{\"@type\":\"Person\",\"@id\":\"https:\/\/www.sivsa.com\/site\/#\/schema\/person\/87d6f8631ae6bb552fd7d5d14c154243\",\"name\":\"redactor\",\"image\":{\"@type\":\"ImageObject\",\"inLanguage\":\"es\",\"@id\":\"https:\/\/www.sivsa.com\/site\/#\/schema\/person\/image\/\",\"url\":\"https:\/\/secure.gravatar.com\/avatar\/b7152bc117bb2e43cdaa9b1c47da78da?s=96&d=mm&r=g\",\"contentUrl\":\"https:\/\/secure.gravatar.com\/avatar\/b7152bc117bb2e43cdaa9b1c47da78da?s=96&d=mm&r=g\",\"caption\":\"redactor\"},\"url\":\"https:\/\/www.sivsa.com\/site\/author\/redactor\/\"}]}<\/script>\n<!-- \/ Yoast SEO plugin. -->","yoast_head_json":{"title":"Captamos talento TIC en el IV Foro de Emprego ESEI","description":"Presentamos nuestra oferta de empleo y pr\u00e1cticas a estudiantes y m\u00e1ster del sector de las TIC en el IV Foro de Emprego ESEI.","robots":{"index":"index","follow":"follow","max-snippet":"max-snippet:-1","max-image-preview":"max-image-preview:large","max-video-preview":"max-video-preview:-1"},"canonical":"https:\/\/www.sivsa.com\/site\/empleo-practicas-foro-emprego-esei\/","og_locale":"es_ES","og_type":"article","og_title":"Captamos talento TIC en el IV Foro de Emprego ESEI","og_description":"Presentamos nuestra oferta de empleo y pr\u00e1cticas a estudiantes y m\u00e1ster del sector de las TIC en el IV Foro de Emprego ESEI.","og_url":"https:\/\/www.sivsa.com\/site\/empleo-practicas-foro-emprego-esei\/","og_site_name":"SIVSA","article_published_time":"2019-05-03T06:41:28+00:00","article_modified_time":"2022-05-30T15:56:23+00:00","og_image":[{"width":960,"height":960,"url":"https:\/\/www.sivsa.com\/site\/wp-content\/uploads\/2019\/05\/FORO-EMPREGO-ESEI.jpg","type":"image\/jpeg"}],"author":"redactor","twitter_card":"summary","twitter_creator":"@sivsa_es","twitter_site":"@sivsa_es","twitter_misc":{"Escrito por":"redactor","Tiempo de lectura":"1 minuto"},"schema":{"@context":"https:\/\/schema.org","@graph":[{"@type":"WebPage","@id":"https:\/\/www.sivsa.com\/site\/empleo-practicas-foro-emprego-esei\/","url":"https:\/\/www.sivsa.com\/site\/empleo-practicas-foro-emprego-esei\/","name":"Captamos talento TIC en el IV Foro de Emprego ESEI","isPartOf":{"@id":"https:\/\/www.sivsa.com\/site\/#website"},"datePublished":"2019-05-03T06:41:28+00:00","dateModified":"2022-05-30T15:56:23+00:00","author":{"@id":"https:\/\/www.sivsa.com\/site\/#\/schema\/person\/87d6f8631ae6bb552fd7d5d14c154243"},"description":"Presentamos nuestra oferta de empleo y pr\u00e1cticas a estudiantes y m\u00e1ster del sector de las TIC en el IV Foro de Emprego ESEI.","breadcrumb":{"@id":"https:\/\/www.sivsa.com\/site\/empleo-practicas-foro-emprego-esei\/#breadcrumb"},"inLanguage":"es","potentialAction":[{"@type":"ReadAction","target":["https:\/\/www.sivsa.com\/site\/empleo-practicas-foro-emprego-esei\/"]}]},{"@type":"BreadcrumbList","@id":"https:\/\/www.sivsa.com\/site\/empleo-practicas-foro-emprego-esei\/#breadcrumb","itemListElement":[{"@type":"ListItem","position":1,"name":"Portada","item":"https:\/\/www.sivsa.com\/site\/"},{"@type":"ListItem","position":2,"name":"Presentamos nuestra oferta de empleo y pr\u00e1cticas en el IV Foro de Emprego ESEI"}]},{"@type":"WebSite","@id":"https:\/\/www.sivsa.com\/site\/#website","url":"https:\/\/www.sivsa.com\/site\/","name":"SIVSA","description":"SIVSA. Communicate in technology","potentialAction":[{"@type":"SearchAction","target":{"@type":"EntryPoint","urlTemplate":"https:\/\/www.sivsa.com\/site\/?s={search_term_string}"},"query-input":"required name=search_term_string"}],"inLanguage":"es"},{"@type":"Person","@id":"https:\/\/www.sivsa.com\/site\/#\/schema\/person\/87d6f8631ae6bb552fd7d5d14c154243","name":"redactor","image":{"@type":"ImageObject","inLanguage":"es","@id":"https:\/\/www.sivsa.com\/site\/#\/schema\/person\/image\/","url":"https:\/\/secure.gravatar.com\/avatar\/b7152bc117bb2e43cdaa9b1c47da78da?s=96&d=mm&r=g","contentUrl":"https:\/\/secure.gravatar.com\/avatar\/b7152bc117bb2e43cdaa9b1c47da78da?s=96&d=mm&r=g","caption":"redactor"},"url":"https:\/\/www.sivsa.com\/site\/author\/redactor\/"}]}},"_links":{"self":[{"href":"https:\/\/www.sivsa.com\/site\/wp-json\/wp\/v2\/posts\/9115"}],"collection":[{"href":"https:\/\/www.sivsa.com\/site\/wp-json\/wp\/v2\/posts"}],"about":[{"href":"https:\/\/www.sivsa.com\/site\/wp-json\/wp\/v2\/types\/post"}],"author":[{"embeddable":true,"href":"https:\/\/www.sivsa.com\/site\/wp-json\/wp\/v2\/users\/6"}],"replies":[{"embeddable":true,"href":"https:\/\/www.sivsa.com\/site\/wp-json\/wp\/v2\/comments?post=9115"}],"version-history":[{"count":3,"href":"https:\/\/www.sivsa.com\/site\/wp-json\/wp\/v2\/posts\/9115\/revisions"}],"predecessor-version":[{"id":9119,"href":"https:\/\/www.sivsa.com\/site\/wp-json\/wp\/v2\/posts\/9115\/revisions\/9119"}],"wp:featuredmedia":[{"embeddable":true,"href":"https:\/\/www.sivsa.com\/site\/wp-json\/wp\/v2\/media\/9116"}],"wp:attachment":[{"href":"https:\/\/www.sivsa.com\/site\/wp-json\/wp\/v2\/media?parent=9115"}],"wp:term":[{"taxonomy":"category","embeddable":true,"href":"https:\/\/www.sivsa.com\/site\/wp-json\/wp\/v2\/categories?post=9115"},{"taxonomy":"post_tag","embeddable":true,"href":"https:\/\/www.sivsa.com\/site\/wp-json\/wp\/v2\/tags?post=9115"}],"curies":[{"name":"wp","href":"https:\/\/api.w.org\/{rel}","templated":true}]}}