{"id":9082,"date":"2019-04-02T09:32:45","date_gmt":"2019-04-02T07:32:45","guid":{"rendered":"https:\/\/www.sivsa.com\/site\/?p=9082"},"modified":"2022-05-30T17:56:23","modified_gmt":"2022-05-30T15:56:23","slug":"sivsa-en-medios_tecnologo-por-un-dia","status":"publish","type":"post","link":"https:\/\/www.sivsa.com\/site\/sivsa-en-medios_tecnologo-por-un-dia\/","title":{"rendered":"SIVSA en medios_Tecn\u00f3logo por un d\u00eda"},"content":{"rendered":"<p>La revista C\u00f3digo Cero se hace eco de la participaci\u00f3n de SIVSA en la experiencia \u00abTecn\u00f3logo por un d\u00eda\u00bb dentro del programa Digitalent de Amtega para fomentar las vocaciones STEM entre los m\u00e1s j\u00f3venes.<\/p>\n<ul>\n<li><a href=\"https:\/\/codigocero.com\/Estudantes-de-secundaria-mergullanse-no-quefacer-diario-de-SIVSA\">C\u00f3digo Cero<\/a><\/li>\n<\/ul>\n","protected":false},"excerpt":{"rendered":"<p>La revista C\u00f3digo Cero se hace eco de la participaci\u00f3n de SIVSA en la experiencia \u00abTecn\u00f3logo por un d\u00eda\u00bb dentro del programa Digitalent de Amtega para fomentar las vocaciones STEM entre los m\u00e1s j\u00f3venes. C\u00f3digo Cero<\/p>\n","protected":false},"author":6,"featured_media":9085,"comment_status":"closed","ping_status":"closed","sticky":false,"template":"","format":"standard","meta":{"xn-wppe-expiration":[],"xn-wppe-expiration-action":[],"xn-wppe-expiration-prefix":[]},"categories":[213],"tags":[256,265],"yoast_head":"<!-- This site is optimized with the Yoast SEO plugin v19.6.1 - https:\/\/yoast.com\/wordpress\/plugins\/seo\/ -->\n<title>SIVSA en medios_Tecn\u00f3logo por un d\u00eda<\/title>\n<meta name=\"description\" content=\"La revista C\u00f3digo Cero se hace eco de la participaci\u00f3n de SIVSA en la experiencia &quot;Tecn\u00f3logo por un d\u00eda&quot; dentro del programa Digitalent de Amtega.\" \/>\n<meta name=\"robots\" content=\"index, follow, max-snippet:-1, max-image-preview:large, max-video-preview:-1\" \/>\n<link rel=\"canonical\" href=\"https:\/\/www.sivsa.com\/site\/sivsa-en-medios_tecnologo-por-un-dia\/\" \/>\n<meta property=\"og:locale\" content=\"es_ES\" \/>\n<meta property=\"og:type\" content=\"article\" \/>\n<meta property=\"og:title\" content=\"SIVSA en medios_Tecn\u00f3logo por un d\u00eda\" \/>\n<meta property=\"og:description\" content=\"La revista C\u00f3digo Cero se hace eco de la participaci\u00f3n de SIVSA en la experiencia &quot;Tecn\u00f3logo por un d\u00eda&quot; dentro del programa Digitalent de Amtega.\" \/>\n<meta property=\"og:url\" content=\"https:\/\/www.sivsa.com\/site\/sivsa-en-medios_tecnologo-por-un-dia\/\" \/>\n<meta property=\"og:site_name\" content=\"SIVSA\" \/>\n<meta property=\"article:published_time\" content=\"2019-04-02T07:32:45+00:00\" \/>\n<meta property=\"article:modified_time\" content=\"2022-05-30T15:56:23+00:00\" \/>\n<meta property=\"og:image\" content=\"https:\/\/www.sivsa.com\/site\/wp-content\/uploads\/2019\/04\/Co\u0301digo-Cero-Tecno\u0301logo-por-un-di\u0301a.png\" \/>\n\t<meta property=\"og:image:width\" content=\"609\" \/>\n\t<meta property=\"og:image:height\" content=\"550\" \/>\n\t<meta property=\"og:image:type\" content=\"image\/png\" \/>\n<meta name=\"author\" content=\"redactor\" \/>\n<meta name=\"twitter:card\" content=\"summary\" \/>\n<meta name=\"twitter:creator\" content=\"@sivsa_es\" \/>\n<meta name=\"twitter:site\" content=\"@sivsa_es\" \/>\n<meta name=\"twitter:label1\" content=\"Escrito por\" \/>\n\t<meta name=\"twitter:data1\" content=\"redactor\" \/>\n<script type=\"application\/ld+json\" class=\"yoast-schema-graph\">{\"@context\":\"https:\/\/schema.org\",\"@graph\":[{\"@type\":\"WebPage\",\"@id\":\"https:\/\/www.sivsa.com\/site\/sivsa-en-medios_tecnologo-por-un-dia\/\",\"url\":\"https:\/\/www.sivsa.com\/site\/sivsa-en-medios_tecnologo-por-un-dia\/\",\"name\":\"SIVSA en medios_Tecn\u00f3logo por un d\u00eda\",\"isPartOf\":{\"@id\":\"https:\/\/www.sivsa.com\/site\/#website\"},\"datePublished\":\"2019-04-02T07:32:45+00:00\",\"dateModified\":\"2022-05-30T15:56:23+00:00\",\"author\":{\"@id\":\"https:\/\/www.sivsa.com\/site\/#\/schema\/person\/87d6f8631ae6bb552fd7d5d14c154243\"},\"description\":\"La revista C\u00f3digo Cero se hace eco de la participaci\u00f3n de SIVSA en la experiencia \\\"Tecn\u00f3logo por un d\u00eda\\\" dentro del programa Digitalent de Amtega.\",\"breadcrumb\":{\"@id\":\"https:\/\/www.sivsa.com\/site\/sivsa-en-medios_tecnologo-por-un-dia\/#breadcrumb\"},\"inLanguage\":\"es\",\"potentialAction\":[{\"@type\":\"ReadAction\",\"target\":[\"https:\/\/www.sivsa.com\/site\/sivsa-en-medios_tecnologo-por-un-dia\/\"]}]},{\"@type\":\"BreadcrumbList\",\"@id\":\"https:\/\/www.sivsa.com\/site\/sivsa-en-medios_tecnologo-por-un-dia\/#breadcrumb\",\"itemListElement\":[{\"@type\":\"ListItem\",\"position\":1,\"name\":\"Portada\",\"item\":\"https:\/\/www.sivsa.com\/site\/\"},{\"@type\":\"ListItem\",\"position\":2,\"name\":\"SIVSA en medios_Tecn\u00f3logo por un d\u00eda\"}]},{\"@type\":\"WebSite\",\"@id\":\"https:\/\/www.sivsa.com\/site\/#website\",\"url\":\"https:\/\/www.sivsa.com\/site\/\",\"name\":\"SIVSA\",\"description\":\"SIVSA. Communicate in technology\",\"potentialAction\":[{\"@type\":\"SearchAction\",\"target\":{\"@type\":\"EntryPoint\",\"urlTemplate\":\"https:\/\/www.sivsa.com\/site\/?s={search_term_string}\"},\"query-input\":\"required name=search_term_string\"}],\"inLanguage\":\"es\"},{\"@type\":\"Person\",\"@id\":\"https:\/\/www.sivsa.com\/site\/#\/schema\/person\/87d6f8631ae6bb552fd7d5d14c154243\",\"name\":\"redactor\",\"image\":{\"@type\":\"ImageObject\",\"inLanguage\":\"es\",\"@id\":\"https:\/\/www.sivsa.com\/site\/#\/schema\/person\/image\/\",\"url\":\"https:\/\/secure.gravatar.com\/avatar\/b7152bc117bb2e43cdaa9b1c47da78da?s=96&d=mm&r=g\",\"contentUrl\":\"https:\/\/secure.gravatar.com\/avatar\/b7152bc117bb2e43cdaa9b1c47da78da?s=96&d=mm&r=g\",\"caption\":\"redactor\"},\"url\":\"https:\/\/www.sivsa.com\/site\/author\/redactor\/\"}]}<\/script>\n<!-- \/ Yoast SEO plugin. -->","yoast_head_json":{"title":"SIVSA en medios_Tecn\u00f3logo por un d\u00eda","description":"La revista C\u00f3digo Cero se hace eco de la participaci\u00f3n de SIVSA en la experiencia \"Tecn\u00f3logo por un d\u00eda\" dentro del programa Digitalent de Amtega.","robots":{"index":"index","follow":"follow","max-snippet":"max-snippet:-1","max-image-preview":"max-image-preview:large","max-video-preview":"max-video-preview:-1"},"canonical":"https:\/\/www.sivsa.com\/site\/sivsa-en-medios_tecnologo-por-un-dia\/","og_locale":"es_ES","og_type":"article","og_title":"SIVSA en medios_Tecn\u00f3logo por un d\u00eda","og_description":"La revista C\u00f3digo Cero se hace eco de la participaci\u00f3n de SIVSA en la experiencia \"Tecn\u00f3logo por un d\u00eda\" dentro del programa Digitalent de Amtega.","og_url":"https:\/\/www.sivsa.com\/site\/sivsa-en-medios_tecnologo-por-un-dia\/","og_site_name":"SIVSA","article_published_time":"2019-04-02T07:32:45+00:00","article_modified_time":"2022-05-30T15:56:23+00:00","og_image":[{"width":609,"height":550,"url":"https:\/\/www.sivsa.com\/site\/wp-content\/uploads\/2019\/04\/Co\u0301digo-Cero-Tecno\u0301logo-por-un-di\u0301a.png","type":"image\/png"}],"author":"redactor","twitter_card":"summary","twitter_creator":"@sivsa_es","twitter_site":"@sivsa_es","twitter_misc":{"Escrito por":"redactor"},"schema":{"@context":"https:\/\/schema.org","@graph":[{"@type":"WebPage","@id":"https:\/\/www.sivsa.com\/site\/sivsa-en-medios_tecnologo-por-un-dia\/","url":"https:\/\/www.sivsa.com\/site\/sivsa-en-medios_tecnologo-por-un-dia\/","name":"SIVSA en medios_Tecn\u00f3logo por un d\u00eda","isPartOf":{"@id":"https:\/\/www.sivsa.com\/site\/#website"},"datePublished":"2019-04-02T07:32:45+00:00","dateModified":"2022-05-30T15:56:23+00:00","author":{"@id":"https:\/\/www.sivsa.com\/site\/#\/schema\/person\/87d6f8631ae6bb552fd7d5d14c154243"},"description":"La revista C\u00f3digo Cero se hace eco de la participaci\u00f3n de SIVSA en la experiencia \"Tecn\u00f3logo por un d\u00eda\" dentro del programa Digitalent de Amtega.","breadcrumb":{"@id":"https:\/\/www.sivsa.com\/site\/sivsa-en-medios_tecnologo-por-un-dia\/#breadcrumb"},"inLanguage":"es","potentialAction":[{"@type":"ReadAction","target":["https:\/\/www.sivsa.com\/site\/sivsa-en-medios_tecnologo-por-un-dia\/"]}]},{"@type":"BreadcrumbList","@id":"https:\/\/www.sivsa.com\/site\/sivsa-en-medios_tecnologo-por-un-dia\/#breadcrumb","itemListElement":[{"@type":"ListItem","position":1,"name":"Portada","item":"https:\/\/www.sivsa.com\/site\/"},{"@type":"ListItem","position":2,"name":"SIVSA en medios_Tecn\u00f3logo por un d\u00eda"}]},{"@type":"WebSite","@id":"https:\/\/www.sivsa.com\/site\/#website","url":"https:\/\/www.sivsa.com\/site\/","name":"SIVSA","description":"SIVSA. Communicate in technology","potentialAction":[{"@type":"SearchAction","target":{"@type":"EntryPoint","urlTemplate":"https:\/\/www.sivsa.com\/site\/?s={search_term_string}"},"query-input":"required name=search_term_string"}],"inLanguage":"es"},{"@type":"Person","@id":"https:\/\/www.sivsa.com\/site\/#\/schema\/person\/87d6f8631ae6bb552fd7d5d14c154243","name":"redactor","image":{"@type":"ImageObject","inLanguage":"es","@id":"https:\/\/www.sivsa.com\/site\/#\/schema\/person\/image\/","url":"https:\/\/secure.gravatar.com\/avatar\/b7152bc117bb2e43cdaa9b1c47da78da?s=96&d=mm&r=g","contentUrl":"https:\/\/secure.gravatar.com\/avatar\/b7152bc117bb2e43cdaa9b1c47da78da?s=96&d=mm&r=g","caption":"redactor"},"url":"https:\/\/www.sivsa.com\/site\/author\/redactor\/"}]}},"_links":{"self":[{"href":"https:\/\/www.sivsa.com\/site\/wp-json\/wp\/v2\/posts\/9082"}],"collection":[{"href":"https:\/\/www.sivsa.com\/site\/wp-json\/wp\/v2\/posts"}],"about":[{"href":"https:\/\/www.sivsa.com\/site\/wp-json\/wp\/v2\/types\/post"}],"author":[{"embeddable":true,"href":"https:\/\/www.sivsa.com\/site\/wp-json\/wp\/v2\/users\/6"}],"replies":[{"embeddable":true,"href":"https:\/\/www.sivsa.com\/site\/wp-json\/wp\/v2\/comments?post=9082"}],"version-history":[{"count":1,"href":"https:\/\/www.sivsa.com\/site\/wp-json\/wp\/v2\/posts\/9082\/revisions"}],"predecessor-version":[{"id":9084,"href":"https:\/\/www.sivsa.com\/site\/wp-json\/wp\/v2\/posts\/9082\/revisions\/9084"}],"wp:featuredmedia":[{"embeddable":true,"href":"https:\/\/www.sivsa.com\/site\/wp-json\/wp\/v2\/media\/9085"}],"wp:attachment":[{"href":"https:\/\/www.sivsa.com\/site\/wp-json\/wp\/v2\/media?parent=9082"}],"wp:term":[{"taxonomy":"category","embeddable":true,"href":"https:\/\/www.sivsa.com\/site\/wp-json\/wp\/v2\/categories?post=9082"},{"taxonomy":"post_tag","embeddable":true,"href":"https:\/\/www.sivsa.com\/site\/wp-json\/wp\/v2\/tags?post=9082"}],"curies":[{"name":"wp","href":"https:\/\/api.w.org\/{rel}","templated":true}]}}