{"id":8954,"date":"2019-03-04T17:01:09","date_gmt":"2019-03-04T16:01:09","guid":{"rendered":"https:\/\/www.sivsa.com\/site\/?p=8954"},"modified":"2022-05-30T17:56:24","modified_gmt":"2022-05-30T15:56:24","slug":"sivsa-foro-tecnico-civil-uavs-iniciative","status":"publish","type":"post","link":"https:\/\/www.sivsa.com\/site\/sivsa-foro-tecnico-civil-uavs-iniciative\/","title":{"rendered":"SIVSA participa en el I Foro T\u00e9cnico de la Civil UAVs Iniciative"},"content":{"rendered":"<p>SIVSA participar\u00e1 en el I Foro T\u00e9cnico de la Civil UAVs Iniciative, organizado por la Axencia Galega de Innovaci\u00f3n (GAIN), y que tendr\u00e1 lugar los pr\u00f3ximos d\u00edas 6 y 7 de marzo en la Escola Polit\u00e9cnica Superior de la USC (Campus de Lugo) y el Aer\u00f3dromo de Rozas, en Castro de Rei.<\/p>\n<p><img loading=\"lazy\" class=\"alignnone wp-image-8956 size-full\" src=\"https:\/\/www.sivsa.com\/site\/wp-content\/uploads\/2019\/03\/I-FORO-TECNICO-CIVIL-UAVS-INICIATIVE.png\" alt=\"Imagen para ilustrar el I Foro T\u00e9cnico de la Civil UAVs Iniciative\" width=\"567\" height=\"457\" srcset=\"https:\/\/www.sivsa.com\/site\/wp-content\/uploads\/2019\/03\/I-FORO-TECNICO-CIVIL-UAVS-INICIATIVE.png 567w, https:\/\/www.sivsa.com\/site\/wp-content\/uploads\/2019\/03\/I-FORO-TECNICO-CIVIL-UAVS-INICIATIVE-300x242.png 300w\" sizes=\"(max-width: 567px) 100vw, 567px\" \/><\/p>\n<p>La jornada reunir\u00e1 a toda la comunidad cient\u00edfica y t\u00e9cnica involucrada en el Polo aeroespacial de Galicia, en el que se dar\u00e1n a conocer los proyectos de los agentes participantes con el objetivo de generar el debate y el intercambio de conocimiento.<\/p>\n<p>Nuestro compa\u00f1ero Jos\u00e9 Mar\u00eda Franco, Product Innovation Manager de SIVSA, intervendr\u00e1 con la ponencia \u201cSistemas expertos de apoyo a la decisi\u00f3n en la inspecci\u00f3n pesquera\u201d, el jueves 7, a partir de las 12:40 h., en la sala 2 de la USC.<\/p>\n<p>Expondr\u00e1 la soluci\u00f3n desarrollada por SIVSA para Babcock, un sistema experto basado en un motor de reglas. La soluci\u00f3n es capaz de combinar los datos obtenidos a trav\u00e9s de drones (posici\u00f3n geogr\u00e1fica, tipo de artes de pesca, especies capturadas, permisos, etc.) con los de los sistemas administrativos de la Xunta de Galicia para conocer, en tiempo real, si un buque est\u00e1 cometiendo alguna infracci\u00f3n, aplicando la compleja normativa de Pesca vigente en Galicia en cada situaci\u00f3n.<\/p>\n<p>&nbsp;<\/p>\n<p>Puedes formalizar tu inscripci\u00f3n y consultar el programa <a href=\"http:\/\/gain.xunta.gal\/eventos\/263\/i+foro+tecnico+da+civil+uavs+initiative\">aqu\u00ed<\/a><\/p>\n","protected":false},"excerpt":{"rendered":"<p>SIVSA participar\u00e1 en el I Foro T\u00e9cnico de la Civil UAVs Iniciative, organizado por la Axencia Galega de Innovaci\u00f3n (GAIN), y que tendr\u00e1 lugar los pr\u00f3ximos d\u00edas 6 y 7 de marzo en la Escola Polit\u00e9cnica Superior de la USC (Campus de Lugo) y el Aer\u00f3dromo de Rozas, en Castro de Rei. La jornada reunir\u00e1&#8230;<\/p>\n","protected":false},"author":6,"featured_media":8956,"comment_status":"closed","ping_status":"closed","sticky":false,"template":"","format":"standard","meta":{"xn-wppe-expiration":[],"xn-wppe-expiration-action":[],"xn-wppe-expiration-prefix":[]},"categories":[216],"tags":[],"yoast_head":"<!-- This site is optimized with the Yoast SEO plugin v19.6.1 - https:\/\/yoast.com\/wordpress\/plugins\/seo\/ -->\n<title>SIVSA participa en el I Foro T\u00e9cnico de la Civil UAVs Iniciative<\/title>\n<meta name=\"description\" content=\"SIVSA intervendr\u00e1 con una ponencia sobre los sistemas expertos de apoyo a la decisi\u00f3n pesquera, en el I Foro T\u00e9cnico de la Civil UAVs, organizado por GAIN.\" \/>\n<meta name=\"robots\" content=\"index, follow, max-snippet:-1, max-image-preview:large, max-video-preview:-1\" \/>\n<link rel=\"canonical\" href=\"https:\/\/www.sivsa.com\/site\/sivsa-foro-tecnico-civil-uavs-iniciative\/\" \/>\n<meta property=\"og:locale\" content=\"es_ES\" \/>\n<meta property=\"og:type\" content=\"article\" \/>\n<meta property=\"og:title\" content=\"SIVSA participa en el I Foro T\u00e9cnico de la Civil UAVs Iniciative\" \/>\n<meta property=\"og:description\" content=\"SIVSA intervendr\u00e1 con una ponencia sobre los sistemas expertos de apoyo a la decisi\u00f3n pesquera, en el I Foro T\u00e9cnico de la Civil UAVs, organizado por GAIN.\" \/>\n<meta property=\"og:url\" content=\"https:\/\/www.sivsa.com\/site\/sivsa-foro-tecnico-civil-uavs-iniciative\/\" \/>\n<meta property=\"og:site_name\" content=\"SIVSA\" \/>\n<meta property=\"article:published_time\" content=\"2019-03-04T16:01:09+00:00\" \/>\n<meta property=\"article:modified_time\" content=\"2022-05-30T15:56:24+00:00\" \/>\n<meta property=\"og:image\" content=\"https:\/\/www.sivsa.com\/site\/wp-content\/uploads\/2019\/03\/I-FORO-TECNICO-CIVIL-UAVS-INICIATIVE.png\" \/>\n\t<meta property=\"og:image:width\" content=\"567\" \/>\n\t<meta property=\"og:image:height\" content=\"457\" \/>\n\t<meta property=\"og:image:type\" content=\"image\/png\" \/>\n<meta name=\"author\" content=\"redactor\" \/>\n<meta name=\"twitter:card\" content=\"summary\" \/>\n<meta name=\"twitter:creator\" content=\"@sivsa_es\" \/>\n<meta name=\"twitter:site\" content=\"@sivsa_es\" \/>\n<meta name=\"twitter:label1\" content=\"Escrito por\" \/>\n\t<meta name=\"twitter:data1\" content=\"redactor\" \/>\n\t<meta name=\"twitter:label2\" content=\"Tiempo de lectura\" \/>\n\t<meta name=\"twitter:data2\" content=\"1 minuto\" \/>\n<script type=\"application\/ld+json\" class=\"yoast-schema-graph\">{\"@context\":\"https:\/\/schema.org\",\"@graph\":[{\"@type\":\"WebPage\",\"@id\":\"https:\/\/www.sivsa.com\/site\/sivsa-foro-tecnico-civil-uavs-iniciative\/\",\"url\":\"https:\/\/www.sivsa.com\/site\/sivsa-foro-tecnico-civil-uavs-iniciative\/\",\"name\":\"SIVSA participa en el I Foro T\u00e9cnico de la Civil UAVs Iniciative\",\"isPartOf\":{\"@id\":\"https:\/\/www.sivsa.com\/site\/#website\"},\"datePublished\":\"2019-03-04T16:01:09+00:00\",\"dateModified\":\"2022-05-30T15:56:24+00:00\",\"author\":{\"@id\":\"https:\/\/www.sivsa.com\/site\/#\/schema\/person\/87d6f8631ae6bb552fd7d5d14c154243\"},\"description\":\"SIVSA intervendr\u00e1 con una ponencia sobre los sistemas expertos de apoyo a la decisi\u00f3n pesquera, en el I Foro T\u00e9cnico de la Civil UAVs, organizado por GAIN.\",\"breadcrumb\":{\"@id\":\"https:\/\/www.sivsa.com\/site\/sivsa-foro-tecnico-civil-uavs-iniciative\/#breadcrumb\"},\"inLanguage\":\"es\",\"potentialAction\":[{\"@type\":\"ReadAction\",\"target\":[\"https:\/\/www.sivsa.com\/site\/sivsa-foro-tecnico-civil-uavs-iniciative\/\"]}]},{\"@type\":\"BreadcrumbList\",\"@id\":\"https:\/\/www.sivsa.com\/site\/sivsa-foro-tecnico-civil-uavs-iniciative\/#breadcrumb\",\"itemListElement\":[{\"@type\":\"ListItem\",\"position\":1,\"name\":\"Portada\",\"item\":\"https:\/\/www.sivsa.com\/site\/\"},{\"@type\":\"ListItem\",\"position\":2,\"name\":\"SIVSA participa en el I Foro T\u00e9cnico de la Civil UAVs Iniciative\"}]},{\"@type\":\"WebSite\",\"@id\":\"https:\/\/www.sivsa.com\/site\/#website\",\"url\":\"https:\/\/www.sivsa.com\/site\/\",\"name\":\"SIVSA\",\"description\":\"SIVSA. Communicate in technology\",\"potentialAction\":[{\"@type\":\"SearchAction\",\"target\":{\"@type\":\"EntryPoint\",\"urlTemplate\":\"https:\/\/www.sivsa.com\/site\/?s={search_term_string}\"},\"query-input\":\"required name=search_term_string\"}],\"inLanguage\":\"es\"},{\"@type\":\"Person\",\"@id\":\"https:\/\/www.sivsa.com\/site\/#\/schema\/person\/87d6f8631ae6bb552fd7d5d14c154243\",\"name\":\"redactor\",\"image\":{\"@type\":\"ImageObject\",\"inLanguage\":\"es\",\"@id\":\"https:\/\/www.sivsa.com\/site\/#\/schema\/person\/image\/\",\"url\":\"https:\/\/secure.gravatar.com\/avatar\/b7152bc117bb2e43cdaa9b1c47da78da?s=96&d=mm&r=g\",\"contentUrl\":\"https:\/\/secure.gravatar.com\/avatar\/b7152bc117bb2e43cdaa9b1c47da78da?s=96&d=mm&r=g\",\"caption\":\"redactor\"},\"url\":\"https:\/\/www.sivsa.com\/site\/author\/redactor\/\"}]}<\/script>\n<!-- \/ Yoast SEO plugin. -->","yoast_head_json":{"title":"SIVSA participa en el I Foro T\u00e9cnico de la Civil UAVs Iniciative","description":"SIVSA intervendr\u00e1 con una ponencia sobre los sistemas expertos de apoyo a la decisi\u00f3n pesquera, en el I Foro T\u00e9cnico de la Civil UAVs, organizado por GAIN.","robots":{"index":"index","follow":"follow","max-snippet":"max-snippet:-1","max-image-preview":"max-image-preview:large","max-video-preview":"max-video-preview:-1"},"canonical":"https:\/\/www.sivsa.com\/site\/sivsa-foro-tecnico-civil-uavs-iniciative\/","og_locale":"es_ES","og_type":"article","og_title":"SIVSA participa en el I Foro T\u00e9cnico de la Civil UAVs Iniciative","og_description":"SIVSA intervendr\u00e1 con una ponencia sobre los sistemas expertos de apoyo a la decisi\u00f3n pesquera, en el I Foro T\u00e9cnico de la Civil UAVs, organizado por GAIN.","og_url":"https:\/\/www.sivsa.com\/site\/sivsa-foro-tecnico-civil-uavs-iniciative\/","og_site_name":"SIVSA","article_published_time":"2019-03-04T16:01:09+00:00","article_modified_time":"2022-05-30T15:56:24+00:00","og_image":[{"width":567,"height":457,"url":"https:\/\/www.sivsa.com\/site\/wp-content\/uploads\/2019\/03\/I-FORO-TECNICO-CIVIL-UAVS-INICIATIVE.png","type":"image\/png"}],"author":"redactor","twitter_card":"summary","twitter_creator":"@sivsa_es","twitter_site":"@sivsa_es","twitter_misc":{"Escrito por":"redactor","Tiempo de lectura":"1 minuto"},"schema":{"@context":"https:\/\/schema.org","@graph":[{"@type":"WebPage","@id":"https:\/\/www.sivsa.com\/site\/sivsa-foro-tecnico-civil-uavs-iniciative\/","url":"https:\/\/www.sivsa.com\/site\/sivsa-foro-tecnico-civil-uavs-iniciative\/","name":"SIVSA participa en el I Foro T\u00e9cnico de la Civil UAVs Iniciative","isPartOf":{"@id":"https:\/\/www.sivsa.com\/site\/#website"},"datePublished":"2019-03-04T16:01:09+00:00","dateModified":"2022-05-30T15:56:24+00:00","author":{"@id":"https:\/\/www.sivsa.com\/site\/#\/schema\/person\/87d6f8631ae6bb552fd7d5d14c154243"},"description":"SIVSA intervendr\u00e1 con una ponencia sobre los sistemas expertos de apoyo a la decisi\u00f3n pesquera, en el I Foro T\u00e9cnico de la Civil UAVs, organizado por GAIN.","breadcrumb":{"@id":"https:\/\/www.sivsa.com\/site\/sivsa-foro-tecnico-civil-uavs-iniciative\/#breadcrumb"},"inLanguage":"es","potentialAction":[{"@type":"ReadAction","target":["https:\/\/www.sivsa.com\/site\/sivsa-foro-tecnico-civil-uavs-iniciative\/"]}]},{"@type":"BreadcrumbList","@id":"https:\/\/www.sivsa.com\/site\/sivsa-foro-tecnico-civil-uavs-iniciative\/#breadcrumb","itemListElement":[{"@type":"ListItem","position":1,"name":"Portada","item":"https:\/\/www.sivsa.com\/site\/"},{"@type":"ListItem","position":2,"name":"SIVSA participa en el I Foro T\u00e9cnico de la Civil UAVs Iniciative"}]},{"@type":"WebSite","@id":"https:\/\/www.sivsa.com\/site\/#website","url":"https:\/\/www.sivsa.com\/site\/","name":"SIVSA","description":"SIVSA. Communicate in technology","potentialAction":[{"@type":"SearchAction","target":{"@type":"EntryPoint","urlTemplate":"https:\/\/www.sivsa.com\/site\/?s={search_term_string}"},"query-input":"required name=search_term_string"}],"inLanguage":"es"},{"@type":"Person","@id":"https:\/\/www.sivsa.com\/site\/#\/schema\/person\/87d6f8631ae6bb552fd7d5d14c154243","name":"redactor","image":{"@type":"ImageObject","inLanguage":"es","@id":"https:\/\/www.sivsa.com\/site\/#\/schema\/person\/image\/","url":"https:\/\/secure.gravatar.com\/avatar\/b7152bc117bb2e43cdaa9b1c47da78da?s=96&d=mm&r=g","contentUrl":"https:\/\/secure.gravatar.com\/avatar\/b7152bc117bb2e43cdaa9b1c47da78da?s=96&d=mm&r=g","caption":"redactor"},"url":"https:\/\/www.sivsa.com\/site\/author\/redactor\/"}]}},"_links":{"self":[{"href":"https:\/\/www.sivsa.com\/site\/wp-json\/wp\/v2\/posts\/8954"}],"collection":[{"href":"https:\/\/www.sivsa.com\/site\/wp-json\/wp\/v2\/posts"}],"about":[{"href":"https:\/\/www.sivsa.com\/site\/wp-json\/wp\/v2\/types\/post"}],"author":[{"embeddable":true,"href":"https:\/\/www.sivsa.com\/site\/wp-json\/wp\/v2\/users\/6"}],"replies":[{"embeddable":true,"href":"https:\/\/www.sivsa.com\/site\/wp-json\/wp\/v2\/comments?post=8954"}],"version-history":[{"count":2,"href":"https:\/\/www.sivsa.com\/site\/wp-json\/wp\/v2\/posts\/8954\/revisions"}],"predecessor-version":[{"id":8957,"href":"https:\/\/www.sivsa.com\/site\/wp-json\/wp\/v2\/posts\/8954\/revisions\/8957"}],"wp:featuredmedia":[{"embeddable":true,"href":"https:\/\/www.sivsa.com\/site\/wp-json\/wp\/v2\/media\/8956"}],"wp:attachment":[{"href":"https:\/\/www.sivsa.com\/site\/wp-json\/wp\/v2\/media?parent=8954"}],"wp:term":[{"taxonomy":"category","embeddable":true,"href":"https:\/\/www.sivsa.com\/site\/wp-json\/wp\/v2\/categories?post=8954"},{"taxonomy":"post_tag","embeddable":true,"href":"https:\/\/www.sivsa.com\/site\/wp-json\/wp\/v2\/tags?post=8954"}],"curies":[{"name":"wp","href":"https:\/\/api.w.org\/{rel}","templated":true}]}}