{"id":7910,"date":"2018-07-13T15:08:38","date_gmt":"2018-07-13T13:08:38","guid":{"rendered":"https:\/\/www.sivsa.com\/site\/?p=7910"},"modified":"2022-05-30T17:56:27","modified_gmt":"2022-05-30T15:56:27","slug":"noticias-premios-ejecutivos-galicia","status":"publish","type":"post","link":"https:\/\/www.sivsa.com\/site\/noticias-premios-ejecutivos-galicia\/","title":{"rendered":"Sivsa en medios_Premios Ejecutivos Galicia"},"content":{"rendered":"<p>Nos hacemos eco de la\u00a0principales noticias publicadas en medios de comunicaci\u00f3n\u00a0con motivo del <strong>premio Servicio al Cliente otorgado a Sivsa <\/strong>en la VIII edici\u00f3n de los <strong>Premios Ejecutivos Galicia<\/strong>.<\/p>\n<p><img loading=\"lazy\" class=\"aligncenter wp-image-7912 size-full\" src=\"https:\/\/www.sivsa.com\/site\/wp-content\/uploads\/2018\/07\/image008.jpg\" alt=\"\" width=\"3936\" height=\"2216\" srcset=\"https:\/\/www.sivsa.com\/site\/wp-content\/uploads\/2018\/07\/image008.jpg 3936w, https:\/\/www.sivsa.com\/site\/wp-content\/uploads\/2018\/07\/image008-300x169.jpg 300w, https:\/\/www.sivsa.com\/site\/wp-content\/uploads\/2018\/07\/image008-768x432.jpg 768w, https:\/\/www.sivsa.com\/site\/wp-content\/uploads\/2018\/07\/image008-1024x577.jpg 1024w, https:\/\/www.sivsa.com\/site\/wp-content\/uploads\/2018\/07\/image008-600x338.jpg 600w\" sizes=\"(max-width: 3936px) 100vw, 3936px\" \/><\/p>\n<ul>\n<li><a href=\"http:\/\/www.atlantico.net\/articulo\/economia\/viguesa-sivsa-premiada-atencion-cliente\/20180712002820657407.html\">Atl\u00e1ntico Diario<\/a><\/li>\n<li><a href=\"https:\/\/codigocero.com\/SIVSA-premiada-polo-seu-servizo-ao-cliente\">C\u00f3digo Cero<\/a><\/li>\n<li><a href=\"https:\/\/www.farodevigo.es\/economia\/2018\/07\/12\/premios-excelencia-empresariado-galicia\/1926693.html\">Faro de Vigo<\/a><\/li>\n<li><a href=\"http:\/\/www.europapress.es\/galicia\/noticia-viguesa-sivsa-galardonada-premio-servicio-cliente-viii-edicion-premios-ejecutivos-galicia-20180711143842.html\">Europa Press<\/a><\/li>\n<li><a href=\"https:\/\/www.20minutos.es\/noticia\/3392315\/0\/viguesa-sivsa-galardonada-con-premio-servicio-al-cliente-viii-edicion-premios-ejecutivos-galicia\/\">20 minutos<\/a><\/li>\n<li><a href=\"http:\/\/www.economiaengalicia.com\/articulo\/eventos\/ignacio-gonzalez-ceo-nueva-pescanova-ejecutivo-ano\/20180712095536007709.html\">Econom\u00eda en Galicia<\/a><\/li>\n<\/ul>\n<p>&nbsp;<\/p>\n","protected":false},"excerpt":{"rendered":"<p>Nos hacemos eco de la\u00a0principales noticias publicadas en medios de comunicaci\u00f3n\u00a0con motivo del premio Servicio al Cliente otorgado a Sivsa en la VIII edici\u00f3n de los Premios Ejecutivos Galicia. Atl\u00e1ntico Diario C\u00f3digo Cero Faro de Vigo Europa Press 20 minutos Econom\u00eda en Galicia &nbsp;<\/p>\n","protected":false},"author":6,"featured_media":7912,"comment_status":"closed","ping_status":"closed","sticky":false,"template":"","format":"standard","meta":{"xn-wppe-expiration":[],"xn-wppe-expiration-action":[],"xn-wppe-expiration-prefix":[]},"categories":[213],"tags":[235,234],"yoast_head":"<!-- This site is optimized with the Yoast SEO plugin v19.6.1 - https:\/\/yoast.com\/wordpress\/plugins\/seo\/ -->\n<title>Sivsa en medios_Premios Ejecutivos Galicia - SIVSA<\/title>\n<meta name=\"robots\" content=\"index, follow, max-snippet:-1, max-image-preview:large, max-video-preview:-1\" \/>\n<link rel=\"canonical\" href=\"https:\/\/www.sivsa.com\/site\/noticias-premios-ejecutivos-galicia\/\" \/>\n<meta property=\"og:locale\" content=\"es_ES\" \/>\n<meta property=\"og:type\" content=\"article\" \/>\n<meta property=\"og:title\" content=\"Sivsa en medios_Premios Ejecutivos Galicia - SIVSA\" \/>\n<meta property=\"og:description\" content=\"Nos hacemos eco de la\u00a0principales noticias publicadas en medios de comunicaci\u00f3n\u00a0con motivo del premio Servicio al Cliente otorgado a Sivsa en la VIII edici\u00f3n de los Premios Ejecutivos Galicia. Atl\u00e1ntico Diario C\u00f3digo Cero Faro de Vigo Europa Press 20 minutos Econom\u00eda en Galicia &nbsp;\" \/>\n<meta property=\"og:url\" content=\"https:\/\/www.sivsa.com\/site\/noticias-premios-ejecutivos-galicia\/\" \/>\n<meta property=\"og:site_name\" content=\"SIVSA\" \/>\n<meta property=\"article:published_time\" content=\"2018-07-13T13:08:38+00:00\" \/>\n<meta property=\"article:modified_time\" content=\"2022-05-30T15:56:27+00:00\" \/>\n<meta property=\"og:image\" content=\"https:\/\/www.sivsa.com\/site\/wp-content\/uploads\/2018\/07\/image008.jpg\" \/>\n\t<meta property=\"og:image:width\" content=\"3936\" \/>\n\t<meta property=\"og:image:height\" content=\"2216\" \/>\n\t<meta property=\"og:image:type\" content=\"image\/jpeg\" \/>\n<meta name=\"author\" content=\"redactor\" \/>\n<meta name=\"twitter:card\" content=\"summary\" \/>\n<meta name=\"twitter:creator\" content=\"@sivsa_es\" \/>\n<meta name=\"twitter:site\" content=\"@sivsa_es\" \/>\n<meta name=\"twitter:label1\" content=\"Escrito por\" \/>\n\t<meta name=\"twitter:data1\" content=\"redactor\" \/>\n<script type=\"application\/ld+json\" class=\"yoast-schema-graph\">{\"@context\":\"https:\/\/schema.org\",\"@graph\":[{\"@type\":\"WebPage\",\"@id\":\"https:\/\/www.sivsa.com\/site\/noticias-premios-ejecutivos-galicia\/\",\"url\":\"https:\/\/www.sivsa.com\/site\/noticias-premios-ejecutivos-galicia\/\",\"name\":\"Sivsa en medios_Premios Ejecutivos Galicia - SIVSA\",\"isPartOf\":{\"@id\":\"https:\/\/www.sivsa.com\/site\/#website\"},\"datePublished\":\"2018-07-13T13:08:38+00:00\",\"dateModified\":\"2022-05-30T15:56:27+00:00\",\"author\":{\"@id\":\"https:\/\/www.sivsa.com\/site\/#\/schema\/person\/87d6f8631ae6bb552fd7d5d14c154243\"},\"breadcrumb\":{\"@id\":\"https:\/\/www.sivsa.com\/site\/noticias-premios-ejecutivos-galicia\/#breadcrumb\"},\"inLanguage\":\"es\",\"potentialAction\":[{\"@type\":\"ReadAction\",\"target\":[\"https:\/\/www.sivsa.com\/site\/noticias-premios-ejecutivos-galicia\/\"]}]},{\"@type\":\"BreadcrumbList\",\"@id\":\"https:\/\/www.sivsa.com\/site\/noticias-premios-ejecutivos-galicia\/#breadcrumb\",\"itemListElement\":[{\"@type\":\"ListItem\",\"position\":1,\"name\":\"Portada\",\"item\":\"https:\/\/www.sivsa.com\/site\/\"},{\"@type\":\"ListItem\",\"position\":2,\"name\":\"Sivsa en medios_Premios Ejecutivos Galicia\"}]},{\"@type\":\"WebSite\",\"@id\":\"https:\/\/www.sivsa.com\/site\/#website\",\"url\":\"https:\/\/www.sivsa.com\/site\/\",\"name\":\"SIVSA\",\"description\":\"SIVSA. Communicate in technology\",\"potentialAction\":[{\"@type\":\"SearchAction\",\"target\":{\"@type\":\"EntryPoint\",\"urlTemplate\":\"https:\/\/www.sivsa.com\/site\/?s={search_term_string}\"},\"query-input\":\"required name=search_term_string\"}],\"inLanguage\":\"es\"},{\"@type\":\"Person\",\"@id\":\"https:\/\/www.sivsa.com\/site\/#\/schema\/person\/87d6f8631ae6bb552fd7d5d14c154243\",\"name\":\"redactor\",\"image\":{\"@type\":\"ImageObject\",\"inLanguage\":\"es\",\"@id\":\"https:\/\/www.sivsa.com\/site\/#\/schema\/person\/image\/\",\"url\":\"https:\/\/secure.gravatar.com\/avatar\/b7152bc117bb2e43cdaa9b1c47da78da?s=96&d=mm&r=g\",\"contentUrl\":\"https:\/\/secure.gravatar.com\/avatar\/b7152bc117bb2e43cdaa9b1c47da78da?s=96&d=mm&r=g\",\"caption\":\"redactor\"},\"url\":\"https:\/\/www.sivsa.com\/site\/author\/redactor\/\"}]}<\/script>\n<!-- \/ Yoast SEO plugin. -->","yoast_head_json":{"title":"Sivsa en medios_Premios Ejecutivos Galicia - SIVSA","robots":{"index":"index","follow":"follow","max-snippet":"max-snippet:-1","max-image-preview":"max-image-preview:large","max-video-preview":"max-video-preview:-1"},"canonical":"https:\/\/www.sivsa.com\/site\/noticias-premios-ejecutivos-galicia\/","og_locale":"es_ES","og_type":"article","og_title":"Sivsa en medios_Premios Ejecutivos Galicia - SIVSA","og_description":"Nos hacemos eco de la\u00a0principales noticias publicadas en medios de comunicaci\u00f3n\u00a0con motivo del premio Servicio al Cliente otorgado a Sivsa en la VIII edici\u00f3n de los Premios Ejecutivos Galicia. Atl\u00e1ntico Diario C\u00f3digo Cero Faro de Vigo Europa Press 20 minutos Econom\u00eda en Galicia &nbsp;","og_url":"https:\/\/www.sivsa.com\/site\/noticias-premios-ejecutivos-galicia\/","og_site_name":"SIVSA","article_published_time":"2018-07-13T13:08:38+00:00","article_modified_time":"2022-05-30T15:56:27+00:00","og_image":[{"width":3936,"height":2216,"url":"https:\/\/www.sivsa.com\/site\/wp-content\/uploads\/2018\/07\/image008.jpg","type":"image\/jpeg"}],"author":"redactor","twitter_card":"summary","twitter_creator":"@sivsa_es","twitter_site":"@sivsa_es","twitter_misc":{"Escrito por":"redactor"},"schema":{"@context":"https:\/\/schema.org","@graph":[{"@type":"WebPage","@id":"https:\/\/www.sivsa.com\/site\/noticias-premios-ejecutivos-galicia\/","url":"https:\/\/www.sivsa.com\/site\/noticias-premios-ejecutivos-galicia\/","name":"Sivsa en medios_Premios Ejecutivos Galicia - SIVSA","isPartOf":{"@id":"https:\/\/www.sivsa.com\/site\/#website"},"datePublished":"2018-07-13T13:08:38+00:00","dateModified":"2022-05-30T15:56:27+00:00","author":{"@id":"https:\/\/www.sivsa.com\/site\/#\/schema\/person\/87d6f8631ae6bb552fd7d5d14c154243"},"breadcrumb":{"@id":"https:\/\/www.sivsa.com\/site\/noticias-premios-ejecutivos-galicia\/#breadcrumb"},"inLanguage":"es","potentialAction":[{"@type":"ReadAction","target":["https:\/\/www.sivsa.com\/site\/noticias-premios-ejecutivos-galicia\/"]}]},{"@type":"BreadcrumbList","@id":"https:\/\/www.sivsa.com\/site\/noticias-premios-ejecutivos-galicia\/#breadcrumb","itemListElement":[{"@type":"ListItem","position":1,"name":"Portada","item":"https:\/\/www.sivsa.com\/site\/"},{"@type":"ListItem","position":2,"name":"Sivsa en medios_Premios Ejecutivos Galicia"}]},{"@type":"WebSite","@id":"https:\/\/www.sivsa.com\/site\/#website","url":"https:\/\/www.sivsa.com\/site\/","name":"SIVSA","description":"SIVSA. Communicate in technology","potentialAction":[{"@type":"SearchAction","target":{"@type":"EntryPoint","urlTemplate":"https:\/\/www.sivsa.com\/site\/?s={search_term_string}"},"query-input":"required name=search_term_string"}],"inLanguage":"es"},{"@type":"Person","@id":"https:\/\/www.sivsa.com\/site\/#\/schema\/person\/87d6f8631ae6bb552fd7d5d14c154243","name":"redactor","image":{"@type":"ImageObject","inLanguage":"es","@id":"https:\/\/www.sivsa.com\/site\/#\/schema\/person\/image\/","url":"https:\/\/secure.gravatar.com\/avatar\/b7152bc117bb2e43cdaa9b1c47da78da?s=96&d=mm&r=g","contentUrl":"https:\/\/secure.gravatar.com\/avatar\/b7152bc117bb2e43cdaa9b1c47da78da?s=96&d=mm&r=g","caption":"redactor"},"url":"https:\/\/www.sivsa.com\/site\/author\/redactor\/"}]}},"_links":{"self":[{"href":"https:\/\/www.sivsa.com\/site\/wp-json\/wp\/v2\/posts\/7910"}],"collection":[{"href":"https:\/\/www.sivsa.com\/site\/wp-json\/wp\/v2\/posts"}],"about":[{"href":"https:\/\/www.sivsa.com\/site\/wp-json\/wp\/v2\/types\/post"}],"author":[{"embeddable":true,"href":"https:\/\/www.sivsa.com\/site\/wp-json\/wp\/v2\/users\/6"}],"replies":[{"embeddable":true,"href":"https:\/\/www.sivsa.com\/site\/wp-json\/wp\/v2\/comments?post=7910"}],"version-history":[{"count":1,"href":"https:\/\/www.sivsa.com\/site\/wp-json\/wp\/v2\/posts\/7910\/revisions"}],"predecessor-version":[{"id":7913,"href":"https:\/\/www.sivsa.com\/site\/wp-json\/wp\/v2\/posts\/7910\/revisions\/7913"}],"wp:featuredmedia":[{"embeddable":true,"href":"https:\/\/www.sivsa.com\/site\/wp-json\/wp\/v2\/media\/7912"}],"wp:attachment":[{"href":"https:\/\/www.sivsa.com\/site\/wp-json\/wp\/v2\/media?parent=7910"}],"wp:term":[{"taxonomy":"category","embeddable":true,"href":"https:\/\/www.sivsa.com\/site\/wp-json\/wp\/v2\/categories?post=7910"},{"taxonomy":"post_tag","embeddable":true,"href":"https:\/\/www.sivsa.com\/site\/wp-json\/wp\/v2\/tags?post=7910"}],"curies":[{"name":"wp","href":"https:\/\/api.w.org\/{rel}","templated":true}]}}