{"id":7561,"date":"2017-11-03T10:03:14","date_gmt":"2017-11-03T09:03:14","guid":{"rendered":"https:\/\/www.sivsa.com\/site\/?p=7561"},"modified":"2022-05-30T17:56:31","modified_gmt":"2022-05-30T15:56:31","slug":"faro-de-vigo-entrevista-antonio-vidal","status":"publish","type":"post","link":"https:\/\/www.sivsa.com\/site\/faro-de-vigo-entrevista-antonio-vidal\/","title":{"rendered":"Faro de Vigo: Entrevista a Antonio Vidal, mejor cient\u00edfico de datos de Espa\u00f1a"},"content":{"rendered":"<p>Faro de Vigo publica una entrevista a nuestro compa\u00f1ero Antonio Vidal, cient\u00edfico de datos de SIVSA, a ra\u00edz del premio Mejor Data Scientist de Espa\u00f1a, concedido por Synergic Partners. En ella, Vidal habla de su proyecto de algoritmos para predecir el precio de subasta de un servicio en la nube, de su trayectoria profesional en <a href=\"https:\/\/www.sivsa.com\/site\/\">SIVSA<\/a> y de la situaci\u00f3n de Galicia en el marco de la innovaci\u00f3n y del Big Data.<\/p>\n<p>&nbsp;<\/p>\n<p><img loading=\"lazy\" class=\"aligncenter wp-image-7562 size-full\" src=\"https:\/\/www.sivsa.com\/site\/wp-content\/uploads\/2017\/11\/unnamed.jpg\" alt=\"\" width=\"1165\" height=\"1528\" srcset=\"https:\/\/www.sivsa.com\/site\/wp-content\/uploads\/2017\/11\/unnamed.jpg 1165w, https:\/\/www.sivsa.com\/site\/wp-content\/uploads\/2017\/11\/unnamed-229x300.jpg 229w, https:\/\/www.sivsa.com\/site\/wp-content\/uploads\/2017\/11\/unnamed-768x1007.jpg 768w, https:\/\/www.sivsa.com\/site\/wp-content\/uploads\/2017\/11\/unnamed-781x1024.jpg 781w, https:\/\/www.sivsa.com\/site\/wp-content\/uploads\/2017\/11\/unnamed-600x787.jpg 600w\" sizes=\"(max-width: 1165px) 100vw, 1165px\" \/><\/p>\n<p>&nbsp;<\/p>\n","protected":false},"excerpt":{"rendered":"<p>Faro de Vigo publica una entrevista a nuestro compa\u00f1ero Antonio Vidal, cient\u00edfico de datos de SIVSA, a ra\u00edz del premio Mejor Data Scientist de Espa\u00f1a, concedido por Synergic Partners. En ella, Vidal habla de su proyecto de algoritmos para predecir el precio de subasta de un servicio en la nube, de su trayectoria profesional en&#8230;<\/p>\n","protected":false},"author":6,"featured_media":7566,"comment_status":"closed","ping_status":"closed","sticky":false,"template":"","format":"standard","meta":{"xn-wppe-expiration":[],"xn-wppe-expiration-action":[],"xn-wppe-expiration-prefix":[]},"categories":[47,213],"tags":[],"yoast_head":"<!-- This site is optimized with the Yoast SEO plugin v19.6.1 - https:\/\/yoast.com\/wordpress\/plugins\/seo\/ -->\n<title>Faro de Vigo: Entrevista a Antonio Vidal, mejor cient\u00edfico de datos de Espa\u00f1a - SIVSA<\/title>\n<meta name=\"description\" content=\"Faro de Vigo publica una entrevista a nuestro compa\u00f1ero Antonio Vidal, cient\u00edfico de datos de SIVSA, a ra\u00edz del premio Mejor Data Scientist de Espa\u00f1a.\" \/>\n<meta name=\"robots\" content=\"index, follow, max-snippet:-1, max-image-preview:large, max-video-preview:-1\" \/>\n<link rel=\"canonical\" href=\"https:\/\/www.sivsa.com\/site\/faro-de-vigo-entrevista-antonio-vidal\/\" \/>\n<meta property=\"og:locale\" content=\"es_ES\" \/>\n<meta property=\"og:type\" content=\"article\" \/>\n<meta property=\"og:title\" content=\"Faro de Vigo: Entrevista a Antonio Vidal, mejor cient\u00edfico de datos de Espa\u00f1a - SIVSA\" \/>\n<meta property=\"og:description\" content=\"Faro de Vigo publica una entrevista a nuestro compa\u00f1ero Antonio Vidal, cient\u00edfico de datos de SIVSA, a ra\u00edz del premio Mejor Data Scientist de Espa\u00f1a.\" \/>\n<meta property=\"og:url\" content=\"https:\/\/www.sivsa.com\/site\/faro-de-vigo-entrevista-antonio-vidal\/\" \/>\n<meta property=\"og:site_name\" content=\"SIVSA\" \/>\n<meta property=\"article:published_time\" content=\"2017-11-03T09:03:14+00:00\" \/>\n<meta property=\"article:modified_time\" content=\"2022-05-30T15:56:31+00:00\" \/>\n<meta property=\"og:image\" content=\"https:\/\/www.sivsa.com\/site\/wp-content\/uploads\/2017\/11\/2017-10-24-13.12.49.jpg\" \/>\n\t<meta property=\"og:image:width\" content=\"2214\" \/>\n\t<meta property=\"og:image:height\" content=\"2143\" \/>\n\t<meta property=\"og:image:type\" content=\"image\/jpeg\" \/>\n<meta name=\"author\" content=\"redactor\" \/>\n<meta name=\"twitter:card\" content=\"summary\" \/>\n<meta name=\"twitter:creator\" content=\"@sivsa_es\" \/>\n<meta name=\"twitter:site\" content=\"@sivsa_es\" \/>\n<meta name=\"twitter:label1\" content=\"Escrito por\" \/>\n\t<meta name=\"twitter:data1\" content=\"redactor\" \/>\n<script type=\"application\/ld+json\" class=\"yoast-schema-graph\">{\"@context\":\"https:\/\/schema.org\",\"@graph\":[{\"@type\":\"WebPage\",\"@id\":\"https:\/\/www.sivsa.com\/site\/faro-de-vigo-entrevista-antonio-vidal\/\",\"url\":\"https:\/\/www.sivsa.com\/site\/faro-de-vigo-entrevista-antonio-vidal\/\",\"name\":\"Faro de Vigo: Entrevista a Antonio Vidal, mejor cient\u00edfico de datos de Espa\u00f1a - SIVSA\",\"isPartOf\":{\"@id\":\"https:\/\/www.sivsa.com\/site\/#website\"},\"datePublished\":\"2017-11-03T09:03:14+00:00\",\"dateModified\":\"2022-05-30T15:56:31+00:00\",\"author\":{\"@id\":\"https:\/\/www.sivsa.com\/site\/#\/schema\/person\/87d6f8631ae6bb552fd7d5d14c154243\"},\"description\":\"Faro de Vigo publica una entrevista a nuestro compa\u00f1ero Antonio Vidal, cient\u00edfico de datos de SIVSA, a ra\u00edz del premio Mejor Data Scientist de Espa\u00f1a.\",\"breadcrumb\":{\"@id\":\"https:\/\/www.sivsa.com\/site\/faro-de-vigo-entrevista-antonio-vidal\/#breadcrumb\"},\"inLanguage\":\"es\",\"potentialAction\":[{\"@type\":\"ReadAction\",\"target\":[\"https:\/\/www.sivsa.com\/site\/faro-de-vigo-entrevista-antonio-vidal\/\"]}]},{\"@type\":\"BreadcrumbList\",\"@id\":\"https:\/\/www.sivsa.com\/site\/faro-de-vigo-entrevista-antonio-vidal\/#breadcrumb\",\"itemListElement\":[{\"@type\":\"ListItem\",\"position\":1,\"name\":\"Portada\",\"item\":\"https:\/\/www.sivsa.com\/site\/\"},{\"@type\":\"ListItem\",\"position\":2,\"name\":\"Faro de Vigo: Entrevista a Antonio Vidal, mejor cient\u00edfico de datos de Espa\u00f1a\"}]},{\"@type\":\"WebSite\",\"@id\":\"https:\/\/www.sivsa.com\/site\/#website\",\"url\":\"https:\/\/www.sivsa.com\/site\/\",\"name\":\"SIVSA\",\"description\":\"SIVSA. Communicate in technology\",\"potentialAction\":[{\"@type\":\"SearchAction\",\"target\":{\"@type\":\"EntryPoint\",\"urlTemplate\":\"https:\/\/www.sivsa.com\/site\/?s={search_term_string}\"},\"query-input\":\"required name=search_term_string\"}],\"inLanguage\":\"es\"},{\"@type\":\"Person\",\"@id\":\"https:\/\/www.sivsa.com\/site\/#\/schema\/person\/87d6f8631ae6bb552fd7d5d14c154243\",\"name\":\"redactor\",\"image\":{\"@type\":\"ImageObject\",\"inLanguage\":\"es\",\"@id\":\"https:\/\/www.sivsa.com\/site\/#\/schema\/person\/image\/\",\"url\":\"https:\/\/secure.gravatar.com\/avatar\/b7152bc117bb2e43cdaa9b1c47da78da?s=96&d=mm&r=g\",\"contentUrl\":\"https:\/\/secure.gravatar.com\/avatar\/b7152bc117bb2e43cdaa9b1c47da78da?s=96&d=mm&r=g\",\"caption\":\"redactor\"},\"url\":\"https:\/\/www.sivsa.com\/site\/author\/redactor\/\"}]}<\/script>\n<!-- \/ Yoast SEO plugin. -->","yoast_head_json":{"title":"Faro de Vigo: Entrevista a Antonio Vidal, mejor cient\u00edfico de datos de Espa\u00f1a - SIVSA","description":"Faro de Vigo publica una entrevista a nuestro compa\u00f1ero Antonio Vidal, cient\u00edfico de datos de SIVSA, a ra\u00edz del premio Mejor Data Scientist de Espa\u00f1a.","robots":{"index":"index","follow":"follow","max-snippet":"max-snippet:-1","max-image-preview":"max-image-preview:large","max-video-preview":"max-video-preview:-1"},"canonical":"https:\/\/www.sivsa.com\/site\/faro-de-vigo-entrevista-antonio-vidal\/","og_locale":"es_ES","og_type":"article","og_title":"Faro de Vigo: Entrevista a Antonio Vidal, mejor cient\u00edfico de datos de Espa\u00f1a - SIVSA","og_description":"Faro de Vigo publica una entrevista a nuestro compa\u00f1ero Antonio Vidal, cient\u00edfico de datos de SIVSA, a ra\u00edz del premio Mejor Data Scientist de Espa\u00f1a.","og_url":"https:\/\/www.sivsa.com\/site\/faro-de-vigo-entrevista-antonio-vidal\/","og_site_name":"SIVSA","article_published_time":"2017-11-03T09:03:14+00:00","article_modified_time":"2022-05-30T15:56:31+00:00","og_image":[{"width":2214,"height":2143,"url":"https:\/\/www.sivsa.com\/site\/wp-content\/uploads\/2017\/11\/2017-10-24-13.12.49.jpg","type":"image\/jpeg"}],"author":"redactor","twitter_card":"summary","twitter_creator":"@sivsa_es","twitter_site":"@sivsa_es","twitter_misc":{"Escrito por":"redactor"},"schema":{"@context":"https:\/\/schema.org","@graph":[{"@type":"WebPage","@id":"https:\/\/www.sivsa.com\/site\/faro-de-vigo-entrevista-antonio-vidal\/","url":"https:\/\/www.sivsa.com\/site\/faro-de-vigo-entrevista-antonio-vidal\/","name":"Faro de Vigo: Entrevista a Antonio Vidal, mejor cient\u00edfico de datos de Espa\u00f1a - SIVSA","isPartOf":{"@id":"https:\/\/www.sivsa.com\/site\/#website"},"datePublished":"2017-11-03T09:03:14+00:00","dateModified":"2022-05-30T15:56:31+00:00","author":{"@id":"https:\/\/www.sivsa.com\/site\/#\/schema\/person\/87d6f8631ae6bb552fd7d5d14c154243"},"description":"Faro de Vigo publica una entrevista a nuestro compa\u00f1ero Antonio Vidal, cient\u00edfico de datos de SIVSA, a ra\u00edz del premio Mejor Data Scientist de Espa\u00f1a.","breadcrumb":{"@id":"https:\/\/www.sivsa.com\/site\/faro-de-vigo-entrevista-antonio-vidal\/#breadcrumb"},"inLanguage":"es","potentialAction":[{"@type":"ReadAction","target":["https:\/\/www.sivsa.com\/site\/faro-de-vigo-entrevista-antonio-vidal\/"]}]},{"@type":"BreadcrumbList","@id":"https:\/\/www.sivsa.com\/site\/faro-de-vigo-entrevista-antonio-vidal\/#breadcrumb","itemListElement":[{"@type":"ListItem","position":1,"name":"Portada","item":"https:\/\/www.sivsa.com\/site\/"},{"@type":"ListItem","position":2,"name":"Faro de Vigo: Entrevista a Antonio Vidal, mejor cient\u00edfico de datos de Espa\u00f1a"}]},{"@type":"WebSite","@id":"https:\/\/www.sivsa.com\/site\/#website","url":"https:\/\/www.sivsa.com\/site\/","name":"SIVSA","description":"SIVSA. Communicate in technology","potentialAction":[{"@type":"SearchAction","target":{"@type":"EntryPoint","urlTemplate":"https:\/\/www.sivsa.com\/site\/?s={search_term_string}"},"query-input":"required name=search_term_string"}],"inLanguage":"es"},{"@type":"Person","@id":"https:\/\/www.sivsa.com\/site\/#\/schema\/person\/87d6f8631ae6bb552fd7d5d14c154243","name":"redactor","image":{"@type":"ImageObject","inLanguage":"es","@id":"https:\/\/www.sivsa.com\/site\/#\/schema\/person\/image\/","url":"https:\/\/secure.gravatar.com\/avatar\/b7152bc117bb2e43cdaa9b1c47da78da?s=96&d=mm&r=g","contentUrl":"https:\/\/secure.gravatar.com\/avatar\/b7152bc117bb2e43cdaa9b1c47da78da?s=96&d=mm&r=g","caption":"redactor"},"url":"https:\/\/www.sivsa.com\/site\/author\/redactor\/"}]}},"_links":{"self":[{"href":"https:\/\/www.sivsa.com\/site\/wp-json\/wp\/v2\/posts\/7561"}],"collection":[{"href":"https:\/\/www.sivsa.com\/site\/wp-json\/wp\/v2\/posts"}],"about":[{"href":"https:\/\/www.sivsa.com\/site\/wp-json\/wp\/v2\/types\/post"}],"author":[{"embeddable":true,"href":"https:\/\/www.sivsa.com\/site\/wp-json\/wp\/v2\/users\/6"}],"replies":[{"embeddable":true,"href":"https:\/\/www.sivsa.com\/site\/wp-json\/wp\/v2\/comments?post=7561"}],"version-history":[{"count":1,"href":"https:\/\/www.sivsa.com\/site\/wp-json\/wp\/v2\/posts\/7561\/revisions"}],"predecessor-version":[{"id":7564,"href":"https:\/\/www.sivsa.com\/site\/wp-json\/wp\/v2\/posts\/7561\/revisions\/7564"}],"wp:featuredmedia":[{"embeddable":true,"href":"https:\/\/www.sivsa.com\/site\/wp-json\/wp\/v2\/media\/7566"}],"wp:attachment":[{"href":"https:\/\/www.sivsa.com\/site\/wp-json\/wp\/v2\/media?parent=7561"}],"wp:term":[{"taxonomy":"category","embeddable":true,"href":"https:\/\/www.sivsa.com\/site\/wp-json\/wp\/v2\/categories?post=7561"},{"taxonomy":"post_tag","embeddable":true,"href":"https:\/\/www.sivsa.com\/site\/wp-json\/wp\/v2\/tags?post=7561"}],"curies":[{"name":"wp","href":"https:\/\/api.w.org\/{rel}","templated":true}]}}