{"id":7188,"date":"2017-02-06T14:36:48","date_gmt":"2017-02-06T13:36:48","guid":{"rendered":"https:\/\/www.sivsa.com\/site\/?p=7188"},"modified":"2022-05-30T17:56:32","modified_gmt":"2022-05-30T15:56:32","slug":"presentacion-de-fenix","status":"publish","type":"post","link":"https:\/\/www.sivsa.com\/site\/presentacion-de-fenix\/","title":{"rendered":"Presentaci\u00f3n de Fenix en la Jornada de Responsabilidad Profesional Sanitaria 2017"},"content":{"rendered":"<p><a ref=\"magnificPopup\" href=\"https:\/\/www.sivsa.com\/site\/wp-content\/uploads\/2017\/02\/fenix-gest-medical.png\"><img loading=\"lazy\" class=\"alignleft wp-image-7189 size-medium\" src=\"https:\/\/www.sivsa.com\/site\/wp-content\/uploads\/2017\/02\/fenix-gest-medical-300x259.png\" alt=\"Presentaci\u00f3n de Fenix en la Jornada de Responsabilidad Profesional Sanitaria 2017\" width=\"300\" height=\"259\" srcset=\"https:\/\/www.sivsa.com\/site\/wp-content\/uploads\/2017\/02\/fenix-gest-medical-300x259.png 300w, https:\/\/www.sivsa.com\/site\/wp-content\/uploads\/2017\/02\/fenix-gest-medical.png 557w\" sizes=\"(max-width: 300px) 100vw, 300px\" \/><\/a>El pasado 27 de Enero, tuvo lugar una presentaci\u00f3n de Fenix en\u00a0la \u00ab<a href=\"http:\/\/www.gestinvest-medical.es\/jornada-responsabilidad-profesional-2017\/\" target=\"_blank\" rel=\"noopener noreferrer\">Jornada de Responsabilidad Profesional Sanitaria 2017<\/a>\u00ab. Estas jornadas son un evento organizado por <a href=\"https:\/\/gestinvest-medical.webnode.es\/\" target=\"_blank\" rel=\"noopener noreferrer\">Gest Invest Medical<\/a>, organizaci\u00f3n \u00a0especializada en el \u00e1mbito sanitario y cuyos eventos gozan de \u00a0un elevado inter\u00e9s para m\u00e9dicos, fisioterapeutas, gerentes de cl\u00ednicas, etc. La presente convocatoria, al igual que las anteriores, \u00a0fue todo un \u00e9xito avalado con la presencia de m\u00e1s de 300 profesionales.<!--more--><\/p>\n<p>Esta jornada nos ocup\u00f3 todo el d\u00eda en el\u00a0 el auditorio de Afundaci\u00f3n en Vigo. \u00a0Adem\u00e1s de la mencionada presentaci\u00f3n de Fenix, El evento nos brind\u00f3 un programa de ponencias muy interesantes a cargo de profesionales de\u00a0primera categor\u00eda a nivel nacional. Adicionalmente, en su acto de inauguraci\u00f3n\u00a0se cont\u00f3 con la presentaci\u00f3n a cargo de Miguel Santalices Vieira, Presidente del Parlamento de Galicia, \u00a0y \u00a0Alberto Fuentes Losada, Secretario Xeral T\u00e9cnico de la Conseller\u00eda de Sanidade. Asimismo, se present\u00f3 el libro de actas de las edici\u00f3n anterior de las jornadas \u00abAspectos Pr\u00e1cticos de la Responsabilidad Profesional Sanitaria\u00bb.<\/p>\n<h2>La presentaci\u00f3n de Fenix en el evento<\/h2>\n<p>La presentaci\u00f3n de Fenix fue una de las protagonistas indiscutibles del evento, con presencia durante todo el acto, tanto a la entrada del sal\u00f3n de actos para poder dar la informaci\u00f3n necesaria sobre nuestro software de gesti\u00f3n cl\u00ednica como en\u00a0el material de documentaci\u00f3n de las jornada que se le entregaba a todos los presentes. En este sentido pudimos cerciorarnos el gran inter\u00e9s que despierta un software dise\u00f1ado en torno a la figura del profesional m\u00e9dico, ya que gran parte de los asistentes se acercaron a conocer m\u00e1s sobre nosotros.<\/p>\n<p>Como hemos visto en anteriores ocasiones, un buen sistema de gesti\u00f3n cl\u00ednica es un factor decisivo para nuestra propia seguridad como profesionales del \u00e1mbito sanitario. No olvidemos que, como desarrolladores conocedores y especializados en este \u00e1mbito, \u00a0uno de nuestros objetivos es sido la total transparencia de los procesos m\u00e9dicos, unido a una forma innovadora e intuitiva de estructurar la informaci\u00f3n. Por otra parte, el hecho de que toda la informaci\u00f3n est\u00e9 almacenada en la nube, accesible en todo momento y desde cualquier equipo contribuye\u00a0a una minimizaci\u00f3n total de la posibilidad de aparici\u00f3n de errores por parte de los profesionales.<\/p>\n<p>El \u00e9xito de estas jornadas suponen un aval de garant\u00eda para que volvamos a asistir a la \u00abJornada de Mano Traum\u00e1tica\u00bb que se va a desarrollar en el pr\u00f3ximo Marzo, as\u00ed como en futuras ediciones de la presente jornada.<\/p>\n<p>&nbsp;<\/p>\n","protected":false},"excerpt":{"rendered":"<p>El pasado 27 de Enero, tuvo lugar una presentaci\u00f3n de Fenix en\u00a0la \u00abJornada de Responsabilidad Profesional Sanitaria 2017\u00ab. Estas jornadas son un evento organizado por Gest Invest Medical, organizaci\u00f3n \u00a0especializada en el \u00e1mbito sanitario y cuyos eventos gozan de \u00a0un elevado inter\u00e9s para m\u00e9dicos, fisioterapeutas, gerentes de cl\u00ednicas, etc. La presente convocatoria, al igual que&#8230;<\/p>\n","protected":false},"author":1,"featured_media":0,"comment_status":"closed","ping_status":"closed","sticky":false,"template":"","format":"standard","meta":{"xn-wppe-expiration":[],"xn-wppe-expiration-action":[],"xn-wppe-expiration-prefix":[]},"categories":[50,48,47],"tags":[158,211,53,43,182],"yoast_head":"<!-- This site is optimized with the Yoast SEO plugin v19.6.1 - https:\/\/yoast.com\/wordpress\/plugins\/seo\/ -->\n<title>Presentaci\u00f3n de Fenix en la Jornada de Responsabilidad Profesional Sanitaria 2017 - SIVSA<\/title>\n<meta name=\"description\" content=\"Presentaci\u00f3n de Fenix en la Jornada de Responsabilidad Profesional Sanitaria - 2017, donde ense\u00f1amos nuestra soluci\u00f3n de gesti\u00f3n cl\u00ednica en la nube.\" \/>\n<meta name=\"robots\" content=\"index, follow, max-snippet:-1, max-image-preview:large, max-video-preview:-1\" \/>\n<link rel=\"canonical\" href=\"https:\/\/www.sivsa.com\/site\/presentacion-de-fenix\/\" \/>\n<meta property=\"og:locale\" content=\"es_ES\" \/>\n<meta property=\"og:type\" content=\"article\" \/>\n<meta property=\"og:title\" content=\"Presentaci\u00f3n de Fenix en la Jornada de Responsabilidad Profesional Sanitaria 2017 - SIVSA\" \/>\n<meta property=\"og:description\" content=\"Presentaci\u00f3n de Fenix en la Jornada de Responsabilidad Profesional Sanitaria - 2017, donde ense\u00f1amos nuestra soluci\u00f3n de gesti\u00f3n cl\u00ednica en la nube.\" \/>\n<meta property=\"og:url\" content=\"https:\/\/www.sivsa.com\/site\/presentacion-de-fenix\/\" \/>\n<meta property=\"og:site_name\" content=\"SIVSA\" \/>\n<meta property=\"article:published_time\" content=\"2017-02-06T13:36:48+00:00\" \/>\n<meta property=\"article:modified_time\" content=\"2022-05-30T15:56:32+00:00\" \/>\n<meta property=\"og:image\" content=\"https:\/\/www.sivsa.com\/site\/wp-content\/uploads\/2017\/02\/fenix-gest-medical-300x259.png\" \/>\n<meta name=\"author\" content=\"SIVSA\" \/>\n<meta name=\"twitter:card\" content=\"summary\" \/>\n<meta name=\"twitter:creator\" content=\"@sivsa_es\" \/>\n<meta name=\"twitter:site\" content=\"@sivsa_es\" \/>\n<meta name=\"twitter:label1\" content=\"Escrito por\" \/>\n\t<meta name=\"twitter:data1\" content=\"SIVSA\" \/>\n\t<meta name=\"twitter:label2\" content=\"Tiempo de lectura\" \/>\n\t<meta name=\"twitter:data2\" content=\"2 minutos\" \/>\n<script type=\"application\/ld+json\" class=\"yoast-schema-graph\">{\"@context\":\"https:\/\/schema.org\",\"@graph\":[{\"@type\":\"WebPage\",\"@id\":\"https:\/\/www.sivsa.com\/site\/presentacion-de-fenix\/\",\"url\":\"https:\/\/www.sivsa.com\/site\/presentacion-de-fenix\/\",\"name\":\"Presentaci\u00f3n de Fenix en la Jornada de Responsabilidad Profesional Sanitaria 2017 - SIVSA\",\"isPartOf\":{\"@id\":\"https:\/\/www.sivsa.com\/site\/#website\"},\"datePublished\":\"2017-02-06T13:36:48+00:00\",\"dateModified\":\"2022-05-30T15:56:32+00:00\",\"author\":{\"@id\":\"https:\/\/www.sivsa.com\/site\/#\/schema\/person\/e834fd84ddc82003eada9017a7b38272\"},\"description\":\"Presentaci\u00f3n de Fenix en la Jornada de Responsabilidad Profesional Sanitaria - 2017, donde ense\u00f1amos nuestra soluci\u00f3n de gesti\u00f3n cl\u00ednica en la nube.\",\"breadcrumb\":{\"@id\":\"https:\/\/www.sivsa.com\/site\/presentacion-de-fenix\/#breadcrumb\"},\"inLanguage\":\"es\",\"potentialAction\":[{\"@type\":\"ReadAction\",\"target\":[\"https:\/\/www.sivsa.com\/site\/presentacion-de-fenix\/\"]}]},{\"@type\":\"BreadcrumbList\",\"@id\":\"https:\/\/www.sivsa.com\/site\/presentacion-de-fenix\/#breadcrumb\",\"itemListElement\":[{\"@type\":\"ListItem\",\"position\":1,\"name\":\"Portada\",\"item\":\"https:\/\/www.sivsa.com\/site\/\"},{\"@type\":\"ListItem\",\"position\":2,\"name\":\"Presentaci\u00f3n de Fenix en la Jornada de Responsabilidad Profesional Sanitaria 2017\"}]},{\"@type\":\"WebSite\",\"@id\":\"https:\/\/www.sivsa.com\/site\/#website\",\"url\":\"https:\/\/www.sivsa.com\/site\/\",\"name\":\"SIVSA\",\"description\":\"SIVSA. Communicate in technology\",\"potentialAction\":[{\"@type\":\"SearchAction\",\"target\":{\"@type\":\"EntryPoint\",\"urlTemplate\":\"https:\/\/www.sivsa.com\/site\/?s={search_term_string}\"},\"query-input\":\"required name=search_term_string\"}],\"inLanguage\":\"es\"},{\"@type\":\"Person\",\"@id\":\"https:\/\/www.sivsa.com\/site\/#\/schema\/person\/e834fd84ddc82003eada9017a7b38272\",\"name\":\"SIVSA\",\"image\":{\"@type\":\"ImageObject\",\"inLanguage\":\"es\",\"@id\":\"https:\/\/www.sivsa.com\/site\/#\/schema\/person\/image\/\",\"url\":\"https:\/\/www.sivsa.com\/site\/wp-content\/uploads\/2017\/03\/SIVSA-simbolo_circled-150x150.png\",\"contentUrl\":\"https:\/\/www.sivsa.com\/site\/wp-content\/uploads\/2017\/03\/SIVSA-simbolo_circled-150x150.png\",\"caption\":\"SIVSA\"},\"url\":\"https:\/\/www.sivsa.com\/site\/author\/desarrollo\/\"}]}<\/script>\n<!-- \/ Yoast SEO plugin. -->","yoast_head_json":{"title":"Presentaci\u00f3n de Fenix en la Jornada de Responsabilidad Profesional Sanitaria 2017 - SIVSA","description":"Presentaci\u00f3n de Fenix en la Jornada de Responsabilidad Profesional Sanitaria - 2017, donde ense\u00f1amos nuestra soluci\u00f3n de gesti\u00f3n cl\u00ednica en la nube.","robots":{"index":"index","follow":"follow","max-snippet":"max-snippet:-1","max-image-preview":"max-image-preview:large","max-video-preview":"max-video-preview:-1"},"canonical":"https:\/\/www.sivsa.com\/site\/presentacion-de-fenix\/","og_locale":"es_ES","og_type":"article","og_title":"Presentaci\u00f3n de Fenix en la Jornada de Responsabilidad Profesional Sanitaria 2017 - SIVSA","og_description":"Presentaci\u00f3n de Fenix en la Jornada de Responsabilidad Profesional Sanitaria - 2017, donde ense\u00f1amos nuestra soluci\u00f3n de gesti\u00f3n cl\u00ednica en la nube.","og_url":"https:\/\/www.sivsa.com\/site\/presentacion-de-fenix\/","og_site_name":"SIVSA","article_published_time":"2017-02-06T13:36:48+00:00","article_modified_time":"2022-05-30T15:56:32+00:00","og_image":[{"url":"https:\/\/www.sivsa.com\/site\/wp-content\/uploads\/2017\/02\/fenix-gest-medical-300x259.png"}],"author":"SIVSA","twitter_card":"summary","twitter_creator":"@sivsa_es","twitter_site":"@sivsa_es","twitter_misc":{"Escrito por":"SIVSA","Tiempo de lectura":"2 minutos"},"schema":{"@context":"https:\/\/schema.org","@graph":[{"@type":"WebPage","@id":"https:\/\/www.sivsa.com\/site\/presentacion-de-fenix\/","url":"https:\/\/www.sivsa.com\/site\/presentacion-de-fenix\/","name":"Presentaci\u00f3n de Fenix en la Jornada de Responsabilidad Profesional Sanitaria 2017 - SIVSA","isPartOf":{"@id":"https:\/\/www.sivsa.com\/site\/#website"},"datePublished":"2017-02-06T13:36:48+00:00","dateModified":"2022-05-30T15:56:32+00:00","author":{"@id":"https:\/\/www.sivsa.com\/site\/#\/schema\/person\/e834fd84ddc82003eada9017a7b38272"},"description":"Presentaci\u00f3n de Fenix en la Jornada de Responsabilidad Profesional Sanitaria - 2017, donde ense\u00f1amos nuestra soluci\u00f3n de gesti\u00f3n cl\u00ednica en la nube.","breadcrumb":{"@id":"https:\/\/www.sivsa.com\/site\/presentacion-de-fenix\/#breadcrumb"},"inLanguage":"es","potentialAction":[{"@type":"ReadAction","target":["https:\/\/www.sivsa.com\/site\/presentacion-de-fenix\/"]}]},{"@type":"BreadcrumbList","@id":"https:\/\/www.sivsa.com\/site\/presentacion-de-fenix\/#breadcrumb","itemListElement":[{"@type":"ListItem","position":1,"name":"Portada","item":"https:\/\/www.sivsa.com\/site\/"},{"@type":"ListItem","position":2,"name":"Presentaci\u00f3n de Fenix en la Jornada de Responsabilidad Profesional Sanitaria 2017"}]},{"@type":"WebSite","@id":"https:\/\/www.sivsa.com\/site\/#website","url":"https:\/\/www.sivsa.com\/site\/","name":"SIVSA","description":"SIVSA. Communicate in technology","potentialAction":[{"@type":"SearchAction","target":{"@type":"EntryPoint","urlTemplate":"https:\/\/www.sivsa.com\/site\/?s={search_term_string}"},"query-input":"required name=search_term_string"}],"inLanguage":"es"},{"@type":"Person","@id":"https:\/\/www.sivsa.com\/site\/#\/schema\/person\/e834fd84ddc82003eada9017a7b38272","name":"SIVSA","image":{"@type":"ImageObject","inLanguage":"es","@id":"https:\/\/www.sivsa.com\/site\/#\/schema\/person\/image\/","url":"https:\/\/www.sivsa.com\/site\/wp-content\/uploads\/2017\/03\/SIVSA-simbolo_circled-150x150.png","contentUrl":"https:\/\/www.sivsa.com\/site\/wp-content\/uploads\/2017\/03\/SIVSA-simbolo_circled-150x150.png","caption":"SIVSA"},"url":"https:\/\/www.sivsa.com\/site\/author\/desarrollo\/"}]}},"_links":{"self":[{"href":"https:\/\/www.sivsa.com\/site\/wp-json\/wp\/v2\/posts\/7188"}],"collection":[{"href":"https:\/\/www.sivsa.com\/site\/wp-json\/wp\/v2\/posts"}],"about":[{"href":"https:\/\/www.sivsa.com\/site\/wp-json\/wp\/v2\/types\/post"}],"author":[{"embeddable":true,"href":"https:\/\/www.sivsa.com\/site\/wp-json\/wp\/v2\/users\/1"}],"replies":[{"embeddable":true,"href":"https:\/\/www.sivsa.com\/site\/wp-json\/wp\/v2\/comments?post=7188"}],"version-history":[{"count":4,"href":"https:\/\/www.sivsa.com\/site\/wp-json\/wp\/v2\/posts\/7188\/revisions"}],"predecessor-version":[{"id":10720,"href":"https:\/\/www.sivsa.com\/site\/wp-json\/wp\/v2\/posts\/7188\/revisions\/10720"}],"wp:attachment":[{"href":"https:\/\/www.sivsa.com\/site\/wp-json\/wp\/v2\/media?parent=7188"}],"wp:term":[{"taxonomy":"category","embeddable":true,"href":"https:\/\/www.sivsa.com\/site\/wp-json\/wp\/v2\/categories?post=7188"},{"taxonomy":"post_tag","embeddable":true,"href":"https:\/\/www.sivsa.com\/site\/wp-json\/wp\/v2\/tags?post=7188"}],"curies":[{"name":"wp","href":"https:\/\/api.w.org\/{rel}","templated":true}]}}