{"id":5674,"date":"2012-07-02T10:00:22","date_gmt":"2012-07-02T08:00:22","guid":{"rendered":"https:\/\/www.sivsa.com\/site\/?p=5674"},"modified":"2022-05-30T17:56:39","modified_gmt":"2022-05-30T15:56:39","slug":"sivsa-se-integra-en-el-cluster-salud-de-galicia","status":"publish","type":"post","link":"https:\/\/www.sivsa.com\/site\/sivsa-se-integra-en-el-cluster-salud-de-galicia\/","title":{"rendered":"SIVSA se integra en el Cluster Salud de Galicia"},"content":{"rendered":"<p>Desde el pasado 8 de junio, SIVSA forma parte del Cluster Salud de Galicia, instituci\u00f3n que tiene por objetivo unir esfuerzos entre las empresas gallegas para conseguir un sistema sanitario mejor y, en palabras de la ex-Conselleira de sanidad Pilar Farjas,\u00a0\u201cconvertir la salud en palanca de activaci\u00f3n econ\u00f3mica y creaci\u00f3n de empleo\u201d. El cluster salud, nace como una apuesta por la innovaci\u00f3n y la internacionalizaci\u00f3n de las empresas y centros de conocimiento.<\/p>\n<p>&nbsp;<\/p>\n<p>La iniciativa constituye un nuevo paso hacia la implantaci\u00f3n de las TICs, la creaci\u00f3n de la tele-asistencia en nuevas especialidades, la potenciaci\u00f3n de la hospitalizaci\u00f3n domiciliaria, la formaci\u00f3n del paciente o la gesti\u00f3n del conocimiento de los profesionales sanitarios. SIVSA pretende colaborar con la intenci\u00f3n de la Xunta de aprovechar las oportunidades que brindan los fondos regionales, nacionales y europeos en materia de investigaci\u00f3n, desarrollo e innovaci\u00f3n , aportando para ello su conocimiento y experiencia de m\u00e1s de 20 a\u00f1os en el sector TIC salud. Por otra parte el cluster salud permite aprovechar las sinergias del tejido empresarial gallego, de forma que se obtengan los mejores beneficios para los gallegos en el \u00e1mbito de la salud.<\/p>\n","protected":false},"excerpt":{"rendered":"<p>Desde el pasado 8 de junio, SIVSA forma parte del Cluster Salud de Galicia, instituci\u00f3n que tiene por objetivo unir esfuerzos entre las empresas gallegas para conseguir un sistema sanitario mejor y, en palabras de la ex-Conselleira de sanidad Pilar Farjas,\u00a0\u201cconvertir la salud en palanca de activaci\u00f3n econ\u00f3mica y creaci\u00f3n de empleo\u201d. El cluster salud,&#8230;<\/p>\n","protected":false},"author":1,"featured_media":0,"comment_status":"closed","ping_status":"closed","sticky":false,"template":"","format":"standard","meta":{"xn-wppe-expiration":[],"xn-wppe-expiration-action":[],"xn-wppe-expiration-prefix":[]},"categories":[47],"tags":[165,166,65],"yoast_head":"<!-- This site is optimized with the Yoast SEO plugin v19.6.1 - https:\/\/yoast.com\/wordpress\/plugins\/seo\/ -->\n<title>SIVSA se integra en el Cluster Salud de Galicia - SIVSA<\/title>\n<meta name=\"robots\" content=\"index, follow, max-snippet:-1, max-image-preview:large, max-video-preview:-1\" \/>\n<link rel=\"canonical\" href=\"https:\/\/www.sivsa.com\/site\/sivsa-se-integra-en-el-cluster-salud-de-galicia\/\" \/>\n<meta property=\"og:locale\" content=\"es_ES\" \/>\n<meta property=\"og:type\" content=\"article\" \/>\n<meta property=\"og:title\" content=\"SIVSA se integra en el Cluster Salud de Galicia - SIVSA\" \/>\n<meta property=\"og:description\" content=\"Desde el pasado 8 de junio, SIVSA forma parte del Cluster Salud de Galicia, instituci\u00f3n que tiene por objetivo unir esfuerzos entre las empresas gallegas para conseguir un sistema sanitario mejor y, en palabras de la ex-Conselleira de sanidad Pilar Farjas,\u00a0\u201cconvertir la salud en palanca de activaci\u00f3n econ\u00f3mica y creaci\u00f3n de empleo\u201d. El cluster salud,...\" \/>\n<meta property=\"og:url\" content=\"https:\/\/www.sivsa.com\/site\/sivsa-se-integra-en-el-cluster-salud-de-galicia\/\" \/>\n<meta property=\"og:site_name\" content=\"SIVSA\" \/>\n<meta property=\"article:published_time\" content=\"2012-07-02T08:00:22+00:00\" \/>\n<meta property=\"article:modified_time\" content=\"2022-05-30T15:56:39+00:00\" \/>\n<meta name=\"author\" content=\"SIVSA\" \/>\n<meta name=\"twitter:card\" content=\"summary\" \/>\n<meta name=\"twitter:creator\" content=\"@sivsa_es\" \/>\n<meta name=\"twitter:site\" content=\"@sivsa_es\" \/>\n<meta name=\"twitter:label1\" content=\"Escrito por\" \/>\n\t<meta name=\"twitter:data1\" content=\"SIVSA\" \/>\n\t<meta name=\"twitter:label2\" content=\"Tiempo de lectura\" \/>\n\t<meta name=\"twitter:data2\" content=\"1 minuto\" \/>\n<script type=\"application\/ld+json\" class=\"yoast-schema-graph\">{\"@context\":\"https:\/\/schema.org\",\"@graph\":[{\"@type\":\"WebPage\",\"@id\":\"https:\/\/www.sivsa.com\/site\/sivsa-se-integra-en-el-cluster-salud-de-galicia\/\",\"url\":\"https:\/\/www.sivsa.com\/site\/sivsa-se-integra-en-el-cluster-salud-de-galicia\/\",\"name\":\"SIVSA se integra en el Cluster Salud de Galicia - SIVSA\",\"isPartOf\":{\"@id\":\"https:\/\/www.sivsa.com\/site\/#website\"},\"datePublished\":\"2012-07-02T08:00:22+00:00\",\"dateModified\":\"2022-05-30T15:56:39+00:00\",\"author\":{\"@id\":\"https:\/\/www.sivsa.com\/site\/#\/schema\/person\/e834fd84ddc82003eada9017a7b38272\"},\"breadcrumb\":{\"@id\":\"https:\/\/www.sivsa.com\/site\/sivsa-se-integra-en-el-cluster-salud-de-galicia\/#breadcrumb\"},\"inLanguage\":\"es\",\"potentialAction\":[{\"@type\":\"ReadAction\",\"target\":[\"https:\/\/www.sivsa.com\/site\/sivsa-se-integra-en-el-cluster-salud-de-galicia\/\"]}]},{\"@type\":\"BreadcrumbList\",\"@id\":\"https:\/\/www.sivsa.com\/site\/sivsa-se-integra-en-el-cluster-salud-de-galicia\/#breadcrumb\",\"itemListElement\":[{\"@type\":\"ListItem\",\"position\":1,\"name\":\"Portada\",\"item\":\"https:\/\/www.sivsa.com\/site\/\"},{\"@type\":\"ListItem\",\"position\":2,\"name\":\"SIVSA se integra en el Cluster Salud de Galicia\"}]},{\"@type\":\"WebSite\",\"@id\":\"https:\/\/www.sivsa.com\/site\/#website\",\"url\":\"https:\/\/www.sivsa.com\/site\/\",\"name\":\"SIVSA\",\"description\":\"SIVSA. Communicate in technology\",\"potentialAction\":[{\"@type\":\"SearchAction\",\"target\":{\"@type\":\"EntryPoint\",\"urlTemplate\":\"https:\/\/www.sivsa.com\/site\/?s={search_term_string}\"},\"query-input\":\"required name=search_term_string\"}],\"inLanguage\":\"es\"},{\"@type\":\"Person\",\"@id\":\"https:\/\/www.sivsa.com\/site\/#\/schema\/person\/e834fd84ddc82003eada9017a7b38272\",\"name\":\"SIVSA\",\"image\":{\"@type\":\"ImageObject\",\"inLanguage\":\"es\",\"@id\":\"https:\/\/www.sivsa.com\/site\/#\/schema\/person\/image\/\",\"url\":\"https:\/\/www.sivsa.com\/site\/wp-content\/uploads\/2017\/03\/SIVSA-simbolo_circled-150x150.png\",\"contentUrl\":\"https:\/\/www.sivsa.com\/site\/wp-content\/uploads\/2017\/03\/SIVSA-simbolo_circled-150x150.png\",\"caption\":\"SIVSA\"},\"url\":\"https:\/\/www.sivsa.com\/site\/author\/desarrollo\/\"}]}<\/script>\n<!-- \/ Yoast SEO plugin. -->","yoast_head_json":{"title":"SIVSA se integra en el Cluster Salud de Galicia - SIVSA","robots":{"index":"index","follow":"follow","max-snippet":"max-snippet:-1","max-image-preview":"max-image-preview:large","max-video-preview":"max-video-preview:-1"},"canonical":"https:\/\/www.sivsa.com\/site\/sivsa-se-integra-en-el-cluster-salud-de-galicia\/","og_locale":"es_ES","og_type":"article","og_title":"SIVSA se integra en el Cluster Salud de Galicia - SIVSA","og_description":"Desde el pasado 8 de junio, SIVSA forma parte del Cluster Salud de Galicia, instituci\u00f3n que tiene por objetivo unir esfuerzos entre las empresas gallegas para conseguir un sistema sanitario mejor y, en palabras de la ex-Conselleira de sanidad Pilar Farjas,\u00a0\u201cconvertir la salud en palanca de activaci\u00f3n econ\u00f3mica y creaci\u00f3n de empleo\u201d. El cluster salud,...","og_url":"https:\/\/www.sivsa.com\/site\/sivsa-se-integra-en-el-cluster-salud-de-galicia\/","og_site_name":"SIVSA","article_published_time":"2012-07-02T08:00:22+00:00","article_modified_time":"2022-05-30T15:56:39+00:00","author":"SIVSA","twitter_card":"summary","twitter_creator":"@sivsa_es","twitter_site":"@sivsa_es","twitter_misc":{"Escrito por":"SIVSA","Tiempo de lectura":"1 minuto"},"schema":{"@context":"https:\/\/schema.org","@graph":[{"@type":"WebPage","@id":"https:\/\/www.sivsa.com\/site\/sivsa-se-integra-en-el-cluster-salud-de-galicia\/","url":"https:\/\/www.sivsa.com\/site\/sivsa-se-integra-en-el-cluster-salud-de-galicia\/","name":"SIVSA se integra en el Cluster Salud de Galicia - SIVSA","isPartOf":{"@id":"https:\/\/www.sivsa.com\/site\/#website"},"datePublished":"2012-07-02T08:00:22+00:00","dateModified":"2022-05-30T15:56:39+00:00","author":{"@id":"https:\/\/www.sivsa.com\/site\/#\/schema\/person\/e834fd84ddc82003eada9017a7b38272"},"breadcrumb":{"@id":"https:\/\/www.sivsa.com\/site\/sivsa-se-integra-en-el-cluster-salud-de-galicia\/#breadcrumb"},"inLanguage":"es","potentialAction":[{"@type":"ReadAction","target":["https:\/\/www.sivsa.com\/site\/sivsa-se-integra-en-el-cluster-salud-de-galicia\/"]}]},{"@type":"BreadcrumbList","@id":"https:\/\/www.sivsa.com\/site\/sivsa-se-integra-en-el-cluster-salud-de-galicia\/#breadcrumb","itemListElement":[{"@type":"ListItem","position":1,"name":"Portada","item":"https:\/\/www.sivsa.com\/site\/"},{"@type":"ListItem","position":2,"name":"SIVSA se integra en el Cluster Salud de Galicia"}]},{"@type":"WebSite","@id":"https:\/\/www.sivsa.com\/site\/#website","url":"https:\/\/www.sivsa.com\/site\/","name":"SIVSA","description":"SIVSA. Communicate in technology","potentialAction":[{"@type":"SearchAction","target":{"@type":"EntryPoint","urlTemplate":"https:\/\/www.sivsa.com\/site\/?s={search_term_string}"},"query-input":"required name=search_term_string"}],"inLanguage":"es"},{"@type":"Person","@id":"https:\/\/www.sivsa.com\/site\/#\/schema\/person\/e834fd84ddc82003eada9017a7b38272","name":"SIVSA","image":{"@type":"ImageObject","inLanguage":"es","@id":"https:\/\/www.sivsa.com\/site\/#\/schema\/person\/image\/","url":"https:\/\/www.sivsa.com\/site\/wp-content\/uploads\/2017\/03\/SIVSA-simbolo_circled-150x150.png","contentUrl":"https:\/\/www.sivsa.com\/site\/wp-content\/uploads\/2017\/03\/SIVSA-simbolo_circled-150x150.png","caption":"SIVSA"},"url":"https:\/\/www.sivsa.com\/site\/author\/desarrollo\/"}]}},"_links":{"self":[{"href":"https:\/\/www.sivsa.com\/site\/wp-json\/wp\/v2\/posts\/5674"}],"collection":[{"href":"https:\/\/www.sivsa.com\/site\/wp-json\/wp\/v2\/posts"}],"about":[{"href":"https:\/\/www.sivsa.com\/site\/wp-json\/wp\/v2\/types\/post"}],"author":[{"embeddable":true,"href":"https:\/\/www.sivsa.com\/site\/wp-json\/wp\/v2\/users\/1"}],"replies":[{"embeddable":true,"href":"https:\/\/www.sivsa.com\/site\/wp-json\/wp\/v2\/comments?post=5674"}],"version-history":[{"count":2,"href":"https:\/\/www.sivsa.com\/site\/wp-json\/wp\/v2\/posts\/5674\/revisions"}],"predecessor-version":[{"id":7252,"href":"https:\/\/www.sivsa.com\/site\/wp-json\/wp\/v2\/posts\/5674\/revisions\/7252"}],"wp:attachment":[{"href":"https:\/\/www.sivsa.com\/site\/wp-json\/wp\/v2\/media?parent=5674"}],"wp:term":[{"taxonomy":"category","embeddable":true,"href":"https:\/\/www.sivsa.com\/site\/wp-json\/wp\/v2\/categories?post=5674"},{"taxonomy":"post_tag","embeddable":true,"href":"https:\/\/www.sivsa.com\/site\/wp-json\/wp\/v2\/tags?post=5674"}],"curies":[{"name":"wp","href":"https:\/\/api.w.org\/{rel}","templated":true}]}}