{"id":5659,"date":"2012-11-12T09:51:15","date_gmt":"2012-11-12T08:51:15","guid":{"rendered":"https:\/\/www.sivsa.com\/site\/?p=5659"},"modified":"2022-05-30T17:56:38","modified_gmt":"2022-05-30T15:56:38","slug":"sivsa-participa-en-la-feria-expolocal-2012","status":"publish","type":"post","link":"https:\/\/www.sivsa.com\/site\/sivsa-participa-en-la-feria-expolocal-2012\/","title":{"rendered":"SIVSA participa en la feria EXPOLOCAL 2012"},"content":{"rendered":"<p><img loading=\"lazy\" class=\"size-full wp-image-5660 alignleft\" src=\"https:\/\/www.sivsa.com\/site\/wp-content\/uploads\/2016\/08\/local.jpg\" alt=\"local\" width=\"113\" height=\"85\" \/>SIVSA particip\u00f3 en la feria EXPOLOCAL 2012 de la semana del \u00abMunicipalismo Iberoamericano\u00bb, celebrada los d\u00edas 15 al 19 de octubre en Almer\u00eda y organizada por la \u00abUni\u00f3n Iberoamericana de Municipalistas (UIM)\u00bb.<\/p>\n<p>Expolocal es un lugar de encuentro de asociaciones municipales, organismos nacionales, agencias de cooperaci\u00f3n internacional, centros acad\u00e9micos, responsables pol\u00edticos municipales y empresas proveedoras de productos y servicios para la gesti\u00f3n municipal.<\/p>\n<p>SIVSA particip\u00f3 con un stand donde presentaba, junto con IMATIA y Micro-6, la soluci\u00f3n CIVIDAS para administraciones locales.<\/p>\n<p>SIVSA present\u00f3, en el marco de este evento, \u00a0su experiencia y propuesta de servicios orientada a los Ayuntamientos, Mancomunidades y Diputaciones, basada en soluciones de administraci\u00f3n electr\u00f3nica para la optimizaci\u00f3n y automatizaci\u00f3n de procedimientos administrativos. La plataforma CIVIDAS presentada por SIVSA permite a las Administraciones P\u00fablicas racionalizar sus procesos internos, incorporando al mismo tiempo un entorno Web amigable y atractivo para la interacci\u00f3n con sus ciudadanos y empresas.<\/p>\n<p>Cividas se compone de varios m\u00f3dulos: Registro, Motor de Procedimientos para Gesti\u00f3n de Expedientes Administrativos, Portal del Ciudadano, Perfil del contratante,&#8230;<\/p>\n<p>La presentaci\u00f3n realizada por su Director de Desarrollo de Negocio del Sector P\u00fablico\/Privado, D. Jos\u00e9 Ram\u00f3n Ferro Quiv\u00e9n, tuvo como objetivo exponer la experiencia de SIVSA en la modernizaci\u00f3n de las administraciones, lo que promovi\u00f3 la posibilidad de contactos con Administraciones P\u00fablicas de diferentes pa\u00edses Iberoamericanos.<\/p>\n<p>Esta participaci\u00f3n se enmarca en la estrategia de SIVSA por reforzar su internacionalizaci\u00f3n mas all\u00e1 del \u00e1rea de Sanidad ya presente en Brasil, Chile, Portugal y Marruecos.<\/p>\n<p>&nbsp;<\/p>\n<p>&nbsp;<\/p>\n","protected":false},"excerpt":{"rendered":"<p>SIVSA particip\u00f3 en la feria EXPOLOCAL 2012 de la semana del \u00abMunicipalismo Iberoamericano\u00bb, celebrada los d\u00edas 15 al 19 de octubre en Almer\u00eda y organizada por la \u00abUni\u00f3n Iberoamericana de Municipalistas (UIM)\u00bb. Expolocal es un lugar de encuentro de asociaciones municipales, organismos nacionales, agencias de cooperaci\u00f3n internacional, centros acad\u00e9micos, responsables pol\u00edticos municipales y empresas proveedoras&#8230;<\/p>\n","protected":false},"author":1,"featured_media":0,"comment_status":"closed","ping_status":"closed","sticky":false,"template":"","format":"standard","meta":{"xn-wppe-expiration":[],"xn-wppe-expiration-action":[],"xn-wppe-expiration-prefix":[]},"categories":[47],"tags":[158,157],"yoast_head":"<!-- This site is optimized with the Yoast SEO plugin v19.6.1 - https:\/\/yoast.com\/wordpress\/plugins\/seo\/ -->\n<title>SIVSA participa en la feria EXPOLOCAL 2012 - SIVSA<\/title>\n<meta name=\"robots\" content=\"index, follow, max-snippet:-1, max-image-preview:large, max-video-preview:-1\" \/>\n<link rel=\"canonical\" href=\"https:\/\/www.sivsa.com\/site\/sivsa-participa-en-la-feria-expolocal-2012\/\" \/>\n<meta property=\"og:locale\" content=\"es_ES\" \/>\n<meta property=\"og:type\" content=\"article\" \/>\n<meta property=\"og:title\" content=\"SIVSA participa en la feria EXPOLOCAL 2012 - SIVSA\" \/>\n<meta property=\"og:description\" content=\"SIVSA particip\u00f3 en la feria EXPOLOCAL 2012 de la semana del \u00abMunicipalismo Iberoamericano\u00bb, celebrada los d\u00edas 15 al 19 de octubre en Almer\u00eda y organizada por la \u00abUni\u00f3n Iberoamericana de Municipalistas (UIM)\u00bb. Expolocal es un lugar de encuentro de asociaciones municipales, organismos nacionales, agencias de cooperaci\u00f3n internacional, centros acad\u00e9micos, responsables pol\u00edticos municipales y empresas proveedoras...\" \/>\n<meta property=\"og:url\" content=\"https:\/\/www.sivsa.com\/site\/sivsa-participa-en-la-feria-expolocal-2012\/\" \/>\n<meta property=\"og:site_name\" content=\"SIVSA\" \/>\n<meta property=\"article:published_time\" content=\"2012-11-12T08:51:15+00:00\" \/>\n<meta property=\"article:modified_time\" content=\"2022-05-30T15:56:38+00:00\" \/>\n<meta property=\"og:image\" content=\"https:\/\/www.sivsa.com\/site\/wp-content\/uploads\/2016\/08\/local.jpg\" \/>\n<meta name=\"author\" content=\"SIVSA\" \/>\n<meta name=\"twitter:card\" content=\"summary\" \/>\n<meta name=\"twitter:creator\" content=\"@sivsa_es\" \/>\n<meta name=\"twitter:site\" content=\"@sivsa_es\" \/>\n<meta name=\"twitter:label1\" content=\"Escrito por\" \/>\n\t<meta name=\"twitter:data1\" content=\"SIVSA\" \/>\n\t<meta name=\"twitter:label2\" content=\"Tiempo de lectura\" \/>\n\t<meta name=\"twitter:data2\" content=\"1 minuto\" \/>\n<script type=\"application\/ld+json\" class=\"yoast-schema-graph\">{\"@context\":\"https:\/\/schema.org\",\"@graph\":[{\"@type\":\"WebPage\",\"@id\":\"https:\/\/www.sivsa.com\/site\/sivsa-participa-en-la-feria-expolocal-2012\/\",\"url\":\"https:\/\/www.sivsa.com\/site\/sivsa-participa-en-la-feria-expolocal-2012\/\",\"name\":\"SIVSA participa en la feria EXPOLOCAL 2012 - SIVSA\",\"isPartOf\":{\"@id\":\"https:\/\/www.sivsa.com\/site\/#website\"},\"datePublished\":\"2012-11-12T08:51:15+00:00\",\"dateModified\":\"2022-05-30T15:56:38+00:00\",\"author\":{\"@id\":\"https:\/\/www.sivsa.com\/site\/#\/schema\/person\/e834fd84ddc82003eada9017a7b38272\"},\"breadcrumb\":{\"@id\":\"https:\/\/www.sivsa.com\/site\/sivsa-participa-en-la-feria-expolocal-2012\/#breadcrumb\"},\"inLanguage\":\"es\",\"potentialAction\":[{\"@type\":\"ReadAction\",\"target\":[\"https:\/\/www.sivsa.com\/site\/sivsa-participa-en-la-feria-expolocal-2012\/\"]}]},{\"@type\":\"BreadcrumbList\",\"@id\":\"https:\/\/www.sivsa.com\/site\/sivsa-participa-en-la-feria-expolocal-2012\/#breadcrumb\",\"itemListElement\":[{\"@type\":\"ListItem\",\"position\":1,\"name\":\"Portada\",\"item\":\"https:\/\/www.sivsa.com\/site\/\"},{\"@type\":\"ListItem\",\"position\":2,\"name\":\"SIVSA participa en la feria EXPOLOCAL 2012\"}]},{\"@type\":\"WebSite\",\"@id\":\"https:\/\/www.sivsa.com\/site\/#website\",\"url\":\"https:\/\/www.sivsa.com\/site\/\",\"name\":\"SIVSA\",\"description\":\"SIVSA. Communicate in technology\",\"potentialAction\":[{\"@type\":\"SearchAction\",\"target\":{\"@type\":\"EntryPoint\",\"urlTemplate\":\"https:\/\/www.sivsa.com\/site\/?s={search_term_string}\"},\"query-input\":\"required name=search_term_string\"}],\"inLanguage\":\"es\"},{\"@type\":\"Person\",\"@id\":\"https:\/\/www.sivsa.com\/site\/#\/schema\/person\/e834fd84ddc82003eada9017a7b38272\",\"name\":\"SIVSA\",\"image\":{\"@type\":\"ImageObject\",\"inLanguage\":\"es\",\"@id\":\"https:\/\/www.sivsa.com\/site\/#\/schema\/person\/image\/\",\"url\":\"https:\/\/www.sivsa.com\/site\/wp-content\/uploads\/2017\/03\/SIVSA-simbolo_circled-150x150.png\",\"contentUrl\":\"https:\/\/www.sivsa.com\/site\/wp-content\/uploads\/2017\/03\/SIVSA-simbolo_circled-150x150.png\",\"caption\":\"SIVSA\"},\"url\":\"https:\/\/www.sivsa.com\/site\/author\/desarrollo\/\"}]}<\/script>\n<!-- \/ Yoast SEO plugin. -->","yoast_head_json":{"title":"SIVSA participa en la feria EXPOLOCAL 2012 - SIVSA","robots":{"index":"index","follow":"follow","max-snippet":"max-snippet:-1","max-image-preview":"max-image-preview:large","max-video-preview":"max-video-preview:-1"},"canonical":"https:\/\/www.sivsa.com\/site\/sivsa-participa-en-la-feria-expolocal-2012\/","og_locale":"es_ES","og_type":"article","og_title":"SIVSA participa en la feria EXPOLOCAL 2012 - SIVSA","og_description":"SIVSA particip\u00f3 en la feria EXPOLOCAL 2012 de la semana del \u00abMunicipalismo Iberoamericano\u00bb, celebrada los d\u00edas 15 al 19 de octubre en Almer\u00eda y organizada por la \u00abUni\u00f3n Iberoamericana de Municipalistas (UIM)\u00bb. Expolocal es un lugar de encuentro de asociaciones municipales, organismos nacionales, agencias de cooperaci\u00f3n internacional, centros acad\u00e9micos, responsables pol\u00edticos municipales y empresas proveedoras...","og_url":"https:\/\/www.sivsa.com\/site\/sivsa-participa-en-la-feria-expolocal-2012\/","og_site_name":"SIVSA","article_published_time":"2012-11-12T08:51:15+00:00","article_modified_time":"2022-05-30T15:56:38+00:00","og_image":[{"url":"https:\/\/www.sivsa.com\/site\/wp-content\/uploads\/2016\/08\/local.jpg"}],"author":"SIVSA","twitter_card":"summary","twitter_creator":"@sivsa_es","twitter_site":"@sivsa_es","twitter_misc":{"Escrito por":"SIVSA","Tiempo de lectura":"1 minuto"},"schema":{"@context":"https:\/\/schema.org","@graph":[{"@type":"WebPage","@id":"https:\/\/www.sivsa.com\/site\/sivsa-participa-en-la-feria-expolocal-2012\/","url":"https:\/\/www.sivsa.com\/site\/sivsa-participa-en-la-feria-expolocal-2012\/","name":"SIVSA participa en la feria EXPOLOCAL 2012 - SIVSA","isPartOf":{"@id":"https:\/\/www.sivsa.com\/site\/#website"},"datePublished":"2012-11-12T08:51:15+00:00","dateModified":"2022-05-30T15:56:38+00:00","author":{"@id":"https:\/\/www.sivsa.com\/site\/#\/schema\/person\/e834fd84ddc82003eada9017a7b38272"},"breadcrumb":{"@id":"https:\/\/www.sivsa.com\/site\/sivsa-participa-en-la-feria-expolocal-2012\/#breadcrumb"},"inLanguage":"es","potentialAction":[{"@type":"ReadAction","target":["https:\/\/www.sivsa.com\/site\/sivsa-participa-en-la-feria-expolocal-2012\/"]}]},{"@type":"BreadcrumbList","@id":"https:\/\/www.sivsa.com\/site\/sivsa-participa-en-la-feria-expolocal-2012\/#breadcrumb","itemListElement":[{"@type":"ListItem","position":1,"name":"Portada","item":"https:\/\/www.sivsa.com\/site\/"},{"@type":"ListItem","position":2,"name":"SIVSA participa en la feria EXPOLOCAL 2012"}]},{"@type":"WebSite","@id":"https:\/\/www.sivsa.com\/site\/#website","url":"https:\/\/www.sivsa.com\/site\/","name":"SIVSA","description":"SIVSA. Communicate in technology","potentialAction":[{"@type":"SearchAction","target":{"@type":"EntryPoint","urlTemplate":"https:\/\/www.sivsa.com\/site\/?s={search_term_string}"},"query-input":"required name=search_term_string"}],"inLanguage":"es"},{"@type":"Person","@id":"https:\/\/www.sivsa.com\/site\/#\/schema\/person\/e834fd84ddc82003eada9017a7b38272","name":"SIVSA","image":{"@type":"ImageObject","inLanguage":"es","@id":"https:\/\/www.sivsa.com\/site\/#\/schema\/person\/image\/","url":"https:\/\/www.sivsa.com\/site\/wp-content\/uploads\/2017\/03\/SIVSA-simbolo_circled-150x150.png","contentUrl":"https:\/\/www.sivsa.com\/site\/wp-content\/uploads\/2017\/03\/SIVSA-simbolo_circled-150x150.png","caption":"SIVSA"},"url":"https:\/\/www.sivsa.com\/site\/author\/desarrollo\/"}]}},"_links":{"self":[{"href":"https:\/\/www.sivsa.com\/site\/wp-json\/wp\/v2\/posts\/5659"}],"collection":[{"href":"https:\/\/www.sivsa.com\/site\/wp-json\/wp\/v2\/posts"}],"about":[{"href":"https:\/\/www.sivsa.com\/site\/wp-json\/wp\/v2\/types\/post"}],"author":[{"embeddable":true,"href":"https:\/\/www.sivsa.com\/site\/wp-json\/wp\/v2\/users\/1"}],"replies":[{"embeddable":true,"href":"https:\/\/www.sivsa.com\/site\/wp-json\/wp\/v2\/comments?post=5659"}],"version-history":[{"count":4,"href":"https:\/\/www.sivsa.com\/site\/wp-json\/wp\/v2\/posts\/5659\/revisions"}],"predecessor-version":[{"id":7247,"href":"https:\/\/www.sivsa.com\/site\/wp-json\/wp\/v2\/posts\/5659\/revisions\/7247"}],"wp:attachment":[{"href":"https:\/\/www.sivsa.com\/site\/wp-json\/wp\/v2\/media?parent=5659"}],"wp:term":[{"taxonomy":"category","embeddable":true,"href":"https:\/\/www.sivsa.com\/site\/wp-json\/wp\/v2\/categories?post=5659"},{"taxonomy":"post_tag","embeddable":true,"href":"https:\/\/www.sivsa.com\/site\/wp-json\/wp\/v2\/tags?post=5659"}],"curies":[{"name":"wp","href":"https:\/\/api.w.org\/{rel}","templated":true}]}}