{"id":5623,"date":"2013-10-28T09:27:04","date_gmt":"2013-10-28T08:27:04","guid":{"rendered":"https:\/\/www.sivsa.com\/site\/?p=5623"},"modified":"2022-05-30T17:56:37","modified_gmt":"2022-05-30T15:56:37","slug":"participacion-de-sivsa-en-galicia-tic-2013","status":"publish","type":"post","link":"https:\/\/www.sivsa.com\/site\/participacion-de-sivsa-en-galicia-tic-2013\/","title":{"rendered":"Participaci\u00f3n de SIVSA en Galicia TIC 2013"},"content":{"rendered":"<p><img loading=\"lazy\" class=\"size-full wp-image-5624 alignleft\" src=\"https:\/\/www.sivsa.com\/site\/wp-content\/uploads\/2016\/08\/Galicia-TIC.jpg\" alt=\"Galicia TIC\" width=\"115\" height=\"85\" \/>Un a\u00f1o m\u00e1s SIVSA participa en las Jornadas de Galicia TIC 2013, celebradas este a\u00f1o en el marco incomparable de la Ciudad de la Cultura de Santiago de Compostela.<\/p>\n<p>SIVSA particip\u00f3 como patrocinadora del evento y en la mesa de debate sobre internacionalizaic\u00f3n que llevaba por t\u00edtulo \u00abInternacionalizaci\u00f3n TIC Galicia\u00bb. En ella el director de operaciones de sanidad, <strong>Jos\u00e9 Out\u00f3n Bouzas<\/strong>, intervino en un debate-coloquio sobre las modalidades de internacionalizaci\u00f3n de las empresas gallegas. En dicha mesa el moderador fue Armando Villanueva de la RED PEXGA.<\/p>\n<p>SIVSA tambi\u00e9n particip\u00f3 en el taller de T\u00edtulo \u00abSoluciones, desarrollos y servicios tecnol\u00f3gicos de Galicia. Aqu\u00ed, la responsable de planificaci\u00f3n estrat\u00e9gica de SIVSA,\u00a0<strong>Marta Cubilot,<\/strong> present\u00f3 de forma pr\u00e1ctica la experiencia de SIVSA en la intrenacionalizaci\u00f3n de su soluci\u00f3n HOSIX para gesti\u00f3n hospitalaria.<\/p>\n<p>La jornada de Galicia TIC 2013 fue inaugurada por la directora de la AMTEGA, D\u00f1a. Mar Pereira, por el alcalde de Santiago D. Angel Curr\u00e1s y por el presidente de INEO, D. Jorge Cebreiros. La participaci\u00f3n de las empresas del sector TIC en esta jornada pone de manifiesto el inter\u00e9s que despierta la internacionalizaci\u00f3n de la tecnolog\u00eda gallega como palanca impulsora de la econom\u00eda de Galicia.<\/p>\n<p>Un a\u00f1o m\u00e1s enhorabuena a los organizadores de Galicia TIC 2013.<\/p>\n","protected":false},"excerpt":{"rendered":"<p>Un a\u00f1o m\u00e1s SIVSA participa en las Jornadas de Galicia TIC 2013, celebradas este a\u00f1o en el marco incomparable de la Ciudad de la Cultura de Santiago de Compostela. SIVSA particip\u00f3 como patrocinadora del evento y en la mesa de debate sobre internacionalizaic\u00f3n que llevaba por t\u00edtulo \u00abInternacionalizaci\u00f3n TIC Galicia\u00bb. En ella el director de&#8230;<\/p>\n","protected":false},"author":1,"featured_media":0,"comment_status":"closed","ping_status":"closed","sticky":false,"template":"","format":"standard","meta":{"xn-wppe-expiration":[],"xn-wppe-expiration-action":[],"xn-wppe-expiration-prefix":[]},"categories":[47],"tags":[134,133],"yoast_head":"<!-- This site is optimized with the Yoast SEO plugin v19.6.1 - https:\/\/yoast.com\/wordpress\/plugins\/seo\/ -->\n<title>Participaci\u00f3n de SIVSA en las jornadas Galicia TIC 2013<\/title>\n<meta name=\"description\" content=\"SIVSA patrocin\u00f3 Galicia TIC 2013 y particip\u00f3 en la mesa de debate sobre internacionalizaci\u00f3n que llevaba por t\u00edtulo &quot;Internacionalizaci\u00f3n TIC Galicia&quot;\" \/>\n<meta name=\"robots\" content=\"index, follow, max-snippet:-1, max-image-preview:large, max-video-preview:-1\" \/>\n<link rel=\"canonical\" href=\"https:\/\/www.sivsa.com\/site\/participacion-de-sivsa-en-galicia-tic-2013\/\" \/>\n<meta property=\"og:locale\" content=\"es_ES\" \/>\n<meta property=\"og:type\" content=\"article\" \/>\n<meta property=\"og:title\" content=\"Participaci\u00f3n de SIVSA en las jornadas Galicia TIC 2013\" \/>\n<meta property=\"og:description\" content=\"SIVSA patrocin\u00f3 Galicia TIC 2013 y particip\u00f3 en la mesa de debate sobre internacionalizaci\u00f3n que llevaba por t\u00edtulo &quot;Internacionalizaci\u00f3n TIC Galicia&quot;\" \/>\n<meta property=\"og:url\" content=\"https:\/\/www.sivsa.com\/site\/participacion-de-sivsa-en-galicia-tic-2013\/\" \/>\n<meta property=\"og:site_name\" content=\"SIVSA\" \/>\n<meta property=\"article:published_time\" content=\"2013-10-28T08:27:04+00:00\" \/>\n<meta property=\"article:modified_time\" content=\"2022-05-30T15:56:37+00:00\" \/>\n<meta property=\"og:image\" content=\"https:\/\/www.sivsa.com\/site\/wp-content\/uploads\/2016\/08\/Galicia-TIC.jpg\" \/>\n<meta name=\"author\" content=\"SIVSA\" \/>\n<meta name=\"twitter:card\" content=\"summary\" \/>\n<meta name=\"twitter:creator\" content=\"@sivsa_es\" \/>\n<meta name=\"twitter:site\" content=\"@sivsa_es\" \/>\n<meta name=\"twitter:label1\" content=\"Escrito por\" \/>\n\t<meta name=\"twitter:data1\" content=\"SIVSA\" \/>\n\t<meta name=\"twitter:label2\" content=\"Tiempo de lectura\" \/>\n\t<meta name=\"twitter:data2\" content=\"1 minuto\" \/>\n<script type=\"application\/ld+json\" class=\"yoast-schema-graph\">{\"@context\":\"https:\/\/schema.org\",\"@graph\":[{\"@type\":\"WebPage\",\"@id\":\"https:\/\/www.sivsa.com\/site\/participacion-de-sivsa-en-galicia-tic-2013\/\",\"url\":\"https:\/\/www.sivsa.com\/site\/participacion-de-sivsa-en-galicia-tic-2013\/\",\"name\":\"Participaci\u00f3n de SIVSA en las jornadas Galicia TIC 2013\",\"isPartOf\":{\"@id\":\"https:\/\/www.sivsa.com\/site\/#website\"},\"datePublished\":\"2013-10-28T08:27:04+00:00\",\"dateModified\":\"2022-05-30T15:56:37+00:00\",\"author\":{\"@id\":\"https:\/\/www.sivsa.com\/site\/#\/schema\/person\/e834fd84ddc82003eada9017a7b38272\"},\"description\":\"SIVSA patrocin\u00f3 Galicia TIC 2013 y particip\u00f3 en la mesa de debate sobre internacionalizaci\u00f3n que llevaba por t\u00edtulo \\\"Internacionalizaci\u00f3n TIC Galicia\\\"\",\"breadcrumb\":{\"@id\":\"https:\/\/www.sivsa.com\/site\/participacion-de-sivsa-en-galicia-tic-2013\/#breadcrumb\"},\"inLanguage\":\"es\",\"potentialAction\":[{\"@type\":\"ReadAction\",\"target\":[\"https:\/\/www.sivsa.com\/site\/participacion-de-sivsa-en-galicia-tic-2013\/\"]}]},{\"@type\":\"BreadcrumbList\",\"@id\":\"https:\/\/www.sivsa.com\/site\/participacion-de-sivsa-en-galicia-tic-2013\/#breadcrumb\",\"itemListElement\":[{\"@type\":\"ListItem\",\"position\":1,\"name\":\"Portada\",\"item\":\"https:\/\/www.sivsa.com\/site\/\"},{\"@type\":\"ListItem\",\"position\":2,\"name\":\"Participaci\u00f3n de SIVSA en Galicia TIC 2013\"}]},{\"@type\":\"WebSite\",\"@id\":\"https:\/\/www.sivsa.com\/site\/#website\",\"url\":\"https:\/\/www.sivsa.com\/site\/\",\"name\":\"SIVSA\",\"description\":\"SIVSA. Communicate in technology\",\"potentialAction\":[{\"@type\":\"SearchAction\",\"target\":{\"@type\":\"EntryPoint\",\"urlTemplate\":\"https:\/\/www.sivsa.com\/site\/?s={search_term_string}\"},\"query-input\":\"required name=search_term_string\"}],\"inLanguage\":\"es\"},{\"@type\":\"Person\",\"@id\":\"https:\/\/www.sivsa.com\/site\/#\/schema\/person\/e834fd84ddc82003eada9017a7b38272\",\"name\":\"SIVSA\",\"image\":{\"@type\":\"ImageObject\",\"inLanguage\":\"es\",\"@id\":\"https:\/\/www.sivsa.com\/site\/#\/schema\/person\/image\/\",\"url\":\"https:\/\/www.sivsa.com\/site\/wp-content\/uploads\/2017\/03\/SIVSA-simbolo_circled-150x150.png\",\"contentUrl\":\"https:\/\/www.sivsa.com\/site\/wp-content\/uploads\/2017\/03\/SIVSA-simbolo_circled-150x150.png\",\"caption\":\"SIVSA\"},\"url\":\"https:\/\/www.sivsa.com\/site\/author\/desarrollo\/\"}]}<\/script>\n<!-- \/ Yoast SEO plugin. -->","yoast_head_json":{"title":"Participaci\u00f3n de SIVSA en las jornadas Galicia TIC 2013","description":"SIVSA patrocin\u00f3 Galicia TIC 2013 y particip\u00f3 en la mesa de debate sobre internacionalizaci\u00f3n que llevaba por t\u00edtulo \"Internacionalizaci\u00f3n TIC Galicia\"","robots":{"index":"index","follow":"follow","max-snippet":"max-snippet:-1","max-image-preview":"max-image-preview:large","max-video-preview":"max-video-preview:-1"},"canonical":"https:\/\/www.sivsa.com\/site\/participacion-de-sivsa-en-galicia-tic-2013\/","og_locale":"es_ES","og_type":"article","og_title":"Participaci\u00f3n de SIVSA en las jornadas Galicia TIC 2013","og_description":"SIVSA patrocin\u00f3 Galicia TIC 2013 y particip\u00f3 en la mesa de debate sobre internacionalizaci\u00f3n que llevaba por t\u00edtulo \"Internacionalizaci\u00f3n TIC Galicia\"","og_url":"https:\/\/www.sivsa.com\/site\/participacion-de-sivsa-en-galicia-tic-2013\/","og_site_name":"SIVSA","article_published_time":"2013-10-28T08:27:04+00:00","article_modified_time":"2022-05-30T15:56:37+00:00","og_image":[{"url":"https:\/\/www.sivsa.com\/site\/wp-content\/uploads\/2016\/08\/Galicia-TIC.jpg"}],"author":"SIVSA","twitter_card":"summary","twitter_creator":"@sivsa_es","twitter_site":"@sivsa_es","twitter_misc":{"Escrito por":"SIVSA","Tiempo de lectura":"1 minuto"},"schema":{"@context":"https:\/\/schema.org","@graph":[{"@type":"WebPage","@id":"https:\/\/www.sivsa.com\/site\/participacion-de-sivsa-en-galicia-tic-2013\/","url":"https:\/\/www.sivsa.com\/site\/participacion-de-sivsa-en-galicia-tic-2013\/","name":"Participaci\u00f3n de SIVSA en las jornadas Galicia TIC 2013","isPartOf":{"@id":"https:\/\/www.sivsa.com\/site\/#website"},"datePublished":"2013-10-28T08:27:04+00:00","dateModified":"2022-05-30T15:56:37+00:00","author":{"@id":"https:\/\/www.sivsa.com\/site\/#\/schema\/person\/e834fd84ddc82003eada9017a7b38272"},"description":"SIVSA patrocin\u00f3 Galicia TIC 2013 y particip\u00f3 en la mesa de debate sobre internacionalizaci\u00f3n que llevaba por t\u00edtulo \"Internacionalizaci\u00f3n TIC Galicia\"","breadcrumb":{"@id":"https:\/\/www.sivsa.com\/site\/participacion-de-sivsa-en-galicia-tic-2013\/#breadcrumb"},"inLanguage":"es","potentialAction":[{"@type":"ReadAction","target":["https:\/\/www.sivsa.com\/site\/participacion-de-sivsa-en-galicia-tic-2013\/"]}]},{"@type":"BreadcrumbList","@id":"https:\/\/www.sivsa.com\/site\/participacion-de-sivsa-en-galicia-tic-2013\/#breadcrumb","itemListElement":[{"@type":"ListItem","position":1,"name":"Portada","item":"https:\/\/www.sivsa.com\/site\/"},{"@type":"ListItem","position":2,"name":"Participaci\u00f3n de SIVSA en Galicia TIC 2013"}]},{"@type":"WebSite","@id":"https:\/\/www.sivsa.com\/site\/#website","url":"https:\/\/www.sivsa.com\/site\/","name":"SIVSA","description":"SIVSA. Communicate in technology","potentialAction":[{"@type":"SearchAction","target":{"@type":"EntryPoint","urlTemplate":"https:\/\/www.sivsa.com\/site\/?s={search_term_string}"},"query-input":"required name=search_term_string"}],"inLanguage":"es"},{"@type":"Person","@id":"https:\/\/www.sivsa.com\/site\/#\/schema\/person\/e834fd84ddc82003eada9017a7b38272","name":"SIVSA","image":{"@type":"ImageObject","inLanguage":"es","@id":"https:\/\/www.sivsa.com\/site\/#\/schema\/person\/image\/","url":"https:\/\/www.sivsa.com\/site\/wp-content\/uploads\/2017\/03\/SIVSA-simbolo_circled-150x150.png","contentUrl":"https:\/\/www.sivsa.com\/site\/wp-content\/uploads\/2017\/03\/SIVSA-simbolo_circled-150x150.png","caption":"SIVSA"},"url":"https:\/\/www.sivsa.com\/site\/author\/desarrollo\/"}]}},"_links":{"self":[{"href":"https:\/\/www.sivsa.com\/site\/wp-json\/wp\/v2\/posts\/5623"}],"collection":[{"href":"https:\/\/www.sivsa.com\/site\/wp-json\/wp\/v2\/posts"}],"about":[{"href":"https:\/\/www.sivsa.com\/site\/wp-json\/wp\/v2\/types\/post"}],"author":[{"embeddable":true,"href":"https:\/\/www.sivsa.com\/site\/wp-json\/wp\/v2\/users\/1"}],"replies":[{"embeddable":true,"href":"https:\/\/www.sivsa.com\/site\/wp-json\/wp\/v2\/comments?post=5623"}],"version-history":[{"count":4,"href":"https:\/\/www.sivsa.com\/site\/wp-json\/wp\/v2\/posts\/5623\/revisions"}],"predecessor-version":[{"id":6844,"href":"https:\/\/www.sivsa.com\/site\/wp-json\/wp\/v2\/posts\/5623\/revisions\/6844"}],"wp:attachment":[{"href":"https:\/\/www.sivsa.com\/site\/wp-json\/wp\/v2\/media?parent=5623"}],"wp:term":[{"taxonomy":"category","embeddable":true,"href":"https:\/\/www.sivsa.com\/site\/wp-json\/wp\/v2\/categories?post=5623"},{"taxonomy":"post_tag","embeddable":true,"href":"https:\/\/www.sivsa.com\/site\/wp-json\/wp\/v2\/tags?post=5623"}],"curies":[{"name":"wp","href":"https:\/\/api.w.org\/{rel}","templated":true}]}}