{"id":13050,"date":"2025-10-17T08:55:55","date_gmt":"2025-10-17T06:55:55","guid":{"rendered":"https:\/\/www.sivsa.com\/site\/?p=13050"},"modified":"2025-10-17T08:55:55","modified_gmt":"2025-10-17T06:55:55","slug":"patrocinamos-el-x-forum-ries-25-referente-internacional-en-el-ecosistema-de-la-salud","status":"publish","type":"post","link":"https:\/\/www.sivsa.com\/site\/patrocinamos-el-x-forum-ries-25-referente-internacional-en-el-ecosistema-de-la-salud\/","title":{"rendered":"Patrocinamos el X F\u00f3rum RIES 25, referente internacional en el ecosistema de la salud"},"content":{"rendered":"<p>Nuestra compa\u00f1\u00eda ha participado esta semana en la d\u00e9cima edici\u00f3n del <a href=\"https:\/\/forumries.com\/\" target=\"_blank\" rel=\"noopener\">RIES 25<\/a>, impulsado por el <a href=\"https:\/\/clustersaude.com\/\" target=\"_blank\" rel=\"noopener\">Cl\u00faster de Salud de Galicia (CSG)<\/a>, y que ha reunido en la Isla de la Toja (Pontevedra) a l\u00edderes del \u00e1mbito sanitario, sociosanitario, tecnol\u00f3gico, institucional y cient\u00edfico en torno a los grandes desaf\u00edos del sector.<\/p>\n<p><img loading=\"lazy\" class=\"alignnone size-full wp-image-13051\" src=\"https:\/\/www.sivsa.com\/site\/wp-content\/uploads\/2025\/10\/02-1.jpg\" alt=\"\" width=\"1200\" height=\"800\" srcset=\"https:\/\/www.sivsa.com\/site\/wp-content\/uploads\/2025\/10\/02-1.jpg 1200w, https:\/\/www.sivsa.com\/site\/wp-content\/uploads\/2025\/10\/02-1-300x200.jpg 300w, https:\/\/www.sivsa.com\/site\/wp-content\/uploads\/2025\/10\/02-1-1024x683.jpg 1024w, https:\/\/www.sivsa.com\/site\/wp-content\/uploads\/2025\/10\/02-1-600x400.jpg 600w, https:\/\/www.sivsa.com\/site\/wp-content\/uploads\/2025\/10\/02-1-768x512.jpg 768w\" sizes=\"(max-width: 1200px) 100vw, 1200px\" \/><\/p>\n<p>El foro, que ha contado con nuestro respaldo como patrocinadores, ha sido tremendamente positivo, pues nos ha permitido seguir avanzando en nuestra visi\u00f3n transformadora de la salud, compartir inquietudes y reforzar el posicionamiento de nuestras soluciones innovadoras con partners estrat\u00e9gicos.<\/p>\n<p>Bajo el lema \u201cimpulsando el futuro de la salud global desde Galicia\u201d, abord\u00f3 cuatro temas clave como son la medicina personalizada y de vanguardia, la biomedicina, la longevidad y la salud circular, muchos de ellos, en los que SIVSA, como parte del grupo KIOM y con una dilatada experiencia en el sector, ha estado trabajando en los \u00faltimos a\u00f1os con nuevos desarrollos, como es el caso de la telemedicina mar\u00edtima.<\/p>\n<p>El evento cont\u00f3 con la participaci\u00f3n de conselleiros como el de Sanidade, Antonio G\u00f3mez Caama\u00f1o, el de Educaci\u00f3n, Ciencia, Universidades e Formaci\u00f3n Profesional, Rom\u00e1n Rodr\u00edguez, y la conselleira de Pol\u00edtica Social e Igualdade, Fabiola Garc\u00eda. Tambi\u00e9n con la secretaria xeral t\u00e9cnica de Sanidade, Natalia Lobato, el director xeral de Maiores e Atenci\u00f3n Sociosanitaria, Ant\u00f3n Acevedo, y el gerente del Sergas, Jos\u00e9 Ram\u00f3n Parada Jorgal.<\/p>\n<div class=\"w-gallery type_default cols_2 style_simple link_attachment animate_revealgrid\"><div class=\"w-gallery-list\"><a class=\"w-gallery-item order_1 animate_reveal\" href=\"https:\/\/www.sivsa.com\/site\/patrocinamos-el-x-forum-ries-25-referente-internacional-en-el-ecosistema-de-la-salud\/attachment\/03\/\" title=\"03\"><div class=\"w-gallery-item-img\"><img width=\"1200\" height=\"800\" src=\"https:\/\/www.sivsa.com\/site\/wp-content\/uploads\/2025\/10\/03.jpg\" class=\"attachment-full size-full\" alt=\"\" loading=\"lazy\" srcset=\"https:\/\/www.sivsa.com\/site\/wp-content\/uploads\/2025\/10\/03.jpg 1200w, https:\/\/www.sivsa.com\/site\/wp-content\/uploads\/2025\/10\/03-300x200.jpg 300w, https:\/\/www.sivsa.com\/site\/wp-content\/uploads\/2025\/10\/03-1024x683.jpg 1024w, https:\/\/www.sivsa.com\/site\/wp-content\/uploads\/2025\/10\/03-600x400.jpg 600w, https:\/\/www.sivsa.com\/site\/wp-content\/uploads\/2025\/10\/03-768x512.jpg 768w\" sizes=\"(max-width: 1200px) 100vw, 1200px\" \/><\/div><\/a><a class=\"w-gallery-item order_2 animate_reveal\" href=\"https:\/\/www.sivsa.com\/site\/patrocinamos-el-x-forum-ries-25-referente-internacional-en-el-ecosistema-de-la-salud\/01-2\/\" title=\"01\"><div class=\"w-gallery-item-img\"><img width=\"1200\" height=\"800\" src=\"https:\/\/www.sivsa.com\/site\/wp-content\/uploads\/2025\/10\/01-1.jpg\" class=\"attachment-full size-full\" alt=\"\" loading=\"lazy\" srcset=\"https:\/\/www.sivsa.com\/site\/wp-content\/uploads\/2025\/10\/01-1.jpg 1200w, https:\/\/www.sivsa.com\/site\/wp-content\/uploads\/2025\/10\/01-1-300x200.jpg 300w, https:\/\/www.sivsa.com\/site\/wp-content\/uploads\/2025\/10\/01-1-1024x683.jpg 1024w, https:\/\/www.sivsa.com\/site\/wp-content\/uploads\/2025\/10\/01-1-600x400.jpg 600w, https:\/\/www.sivsa.com\/site\/wp-content\/uploads\/2025\/10\/01-1-768x512.jpg 768w\" sizes=\"(max-width: 1200px) 100vw, 1200px\" \/><\/div><\/a><a class=\"w-gallery-item order_3 animate_reveal\" href=\"https:\/\/www.sivsa.com\/site\/patrocinamos-el-x-forum-ries-25-referente-internacional-en-el-ecosistema-de-la-salud\/20251015-x-foro-ries12\/\" title=\"20251015 X Foro RIES12\"><div class=\"w-gallery-item-img\"><img width=\"1200\" height=\"800\" src=\"https:\/\/www.sivsa.com\/site\/wp-content\/uploads\/2025\/10\/20251015-X-Foro-RIES12.jpg\" class=\"attachment-full size-full\" alt=\"\" loading=\"lazy\" srcset=\"https:\/\/www.sivsa.com\/site\/wp-content\/uploads\/2025\/10\/20251015-X-Foro-RIES12.jpg 1200w, https:\/\/www.sivsa.com\/site\/wp-content\/uploads\/2025\/10\/20251015-X-Foro-RIES12-300x200.jpg 300w, https:\/\/www.sivsa.com\/site\/wp-content\/uploads\/2025\/10\/20251015-X-Foro-RIES12-1024x683.jpg 1024w, https:\/\/www.sivsa.com\/site\/wp-content\/uploads\/2025\/10\/20251015-X-Foro-RIES12-600x400.jpg 600w, https:\/\/www.sivsa.com\/site\/wp-content\/uploads\/2025\/10\/20251015-X-Foro-RIES12-768x512.jpg 768w\" sizes=\"(max-width: 1200px) 100vw, 1200px\" \/><\/div><\/a><a class=\"w-gallery-item order_4 animate_reveal\" href=\"https:\/\/www.sivsa.com\/site\/patrocinamos-el-x-forum-ries-25-referente-internacional-en-el-ecosistema-de-la-salud\/20251015-x-foro-ries1\/\" title=\"20251015 X Foro RIES1\"><div class=\"w-gallery-item-img\"><img width=\"1200\" height=\"800\" src=\"https:\/\/www.sivsa.com\/site\/wp-content\/uploads\/2025\/10\/20251015-X-Foro-RIES1.jpg\" class=\"attachment-full size-full\" alt=\"\" loading=\"lazy\" srcset=\"https:\/\/www.sivsa.com\/site\/wp-content\/uploads\/2025\/10\/20251015-X-Foro-RIES1.jpg 1200w, https:\/\/www.sivsa.com\/site\/wp-content\/uploads\/2025\/10\/20251015-X-Foro-RIES1-300x200.jpg 300w, https:\/\/www.sivsa.com\/site\/wp-content\/uploads\/2025\/10\/20251015-X-Foro-RIES1-1024x683.jpg 1024w, https:\/\/www.sivsa.com\/site\/wp-content\/uploads\/2025\/10\/20251015-X-Foro-RIES1-600x400.jpg 600w, https:\/\/www.sivsa.com\/site\/wp-content\/uploads\/2025\/10\/20251015-X-Foro-RIES1-768x512.jpg 768w\" sizes=\"(max-width: 1200px) 100vw, 1200px\" \/><\/div><\/a><\/div><\/div>\n\n<p>&nbsp;<\/p>\n","protected":false},"excerpt":{"rendered":"<p>Nuestra compa\u00f1\u00eda ha participado esta semana en la d\u00e9cima edici\u00f3n del RIES 25, impulsado por el Cl\u00faster de Salud de Galicia (CSG), y que ha reunido en la Isla de la Toja (Pontevedra) a l\u00edderes del \u00e1mbito sanitario, sociosanitario, tecnol\u00f3gico, institucional y cient\u00edfico en torno a los grandes desaf\u00edos del sector. El foro, que ha&#8230;<\/p>\n","protected":false},"author":6,"featured_media":13051,"comment_status":"closed","ping_status":"closed","sticky":false,"template":"","format":"standard","meta":{"xn-wppe-expiration":[],"xn-wppe-expiration-action":[],"xn-wppe-expiration-prefix":[]},"categories":[216],"tags":[],"yoast_head":"<!-- This site is optimized with the Yoast SEO plugin v19.6.1 - https:\/\/yoast.com\/wordpress\/plugins\/seo\/ -->\n<title>Patrocinamos el X F\u00f3rum RIES 25, referente internacional en el ecosistema de la salud - SIVSA<\/title>\n<meta name=\"description\" content=\"El RIES 25 reuni\u00f3 a l\u00edderes del \u00e1mbito sanitario, sociosanitario, tecnol\u00f3gico, institucional y cient\u00edfico en torno a los grandes desaf\u00edos del sector.\" \/>\n<meta name=\"robots\" content=\"index, follow, max-snippet:-1, max-image-preview:large, max-video-preview:-1\" \/>\n<link rel=\"canonical\" href=\"https:\/\/www.sivsa.com\/site\/patrocinamos-el-x-forum-ries-25-referente-internacional-en-el-ecosistema-de-la-salud\/\" \/>\n<meta property=\"og:locale\" content=\"es_ES\" \/>\n<meta property=\"og:type\" content=\"article\" \/>\n<meta property=\"og:title\" content=\"Patrocinamos el X F\u00f3rum RIES 25, referente internacional en el ecosistema de la salud - SIVSA\" \/>\n<meta property=\"og:description\" content=\"El RIES 25 reuni\u00f3 a l\u00edderes del \u00e1mbito sanitario, sociosanitario, tecnol\u00f3gico, institucional y cient\u00edfico en torno a los grandes desaf\u00edos del sector.\" \/>\n<meta property=\"og:url\" content=\"https:\/\/www.sivsa.com\/site\/patrocinamos-el-x-forum-ries-25-referente-internacional-en-el-ecosistema-de-la-salud\/\" \/>\n<meta property=\"og:site_name\" content=\"SIVSA\" \/>\n<meta property=\"article:published_time\" content=\"2025-10-17T06:55:55+00:00\" \/>\n<meta property=\"og:image\" content=\"https:\/\/www.sivsa.com\/site\/wp-content\/uploads\/2025\/10\/02-1.jpg\" \/>\n\t<meta property=\"og:image:width\" content=\"1200\" \/>\n\t<meta property=\"og:image:height\" content=\"800\" \/>\n\t<meta property=\"og:image:type\" content=\"image\/jpeg\" \/>\n<meta name=\"author\" content=\"redactor\" \/>\n<meta name=\"twitter:card\" content=\"summary\" \/>\n<meta name=\"twitter:creator\" content=\"@sivsa_es\" \/>\n<meta name=\"twitter:site\" content=\"@sivsa_es\" \/>\n<meta name=\"twitter:label1\" content=\"Escrito por\" \/>\n\t<meta name=\"twitter:data1\" content=\"redactor\" \/>\n\t<meta name=\"twitter:label2\" content=\"Tiempo de lectura\" \/>\n\t<meta name=\"twitter:data2\" content=\"2 minutos\" \/>\n<script type=\"application\/ld+json\" class=\"yoast-schema-graph\">{\"@context\":\"https:\/\/schema.org\",\"@graph\":[{\"@type\":\"WebPage\",\"@id\":\"https:\/\/www.sivsa.com\/site\/patrocinamos-el-x-forum-ries-25-referente-internacional-en-el-ecosistema-de-la-salud\/\",\"url\":\"https:\/\/www.sivsa.com\/site\/patrocinamos-el-x-forum-ries-25-referente-internacional-en-el-ecosistema-de-la-salud\/\",\"name\":\"Patrocinamos el X F\u00f3rum RIES 25, referente internacional en el ecosistema de la salud - SIVSA\",\"isPartOf\":{\"@id\":\"https:\/\/www.sivsa.com\/site\/#website\"},\"datePublished\":\"2025-10-17T06:55:55+00:00\",\"dateModified\":\"2025-10-17T06:55:55+00:00\",\"author\":{\"@id\":\"https:\/\/www.sivsa.com\/site\/#\/schema\/person\/87d6f8631ae6bb552fd7d5d14c154243\"},\"description\":\"El RIES 25 reuni\u00f3 a l\u00edderes del \u00e1mbito sanitario, sociosanitario, tecnol\u00f3gico, institucional y cient\u00edfico en torno a los grandes desaf\u00edos del sector.\",\"breadcrumb\":{\"@id\":\"https:\/\/www.sivsa.com\/site\/patrocinamos-el-x-forum-ries-25-referente-internacional-en-el-ecosistema-de-la-salud\/#breadcrumb\"},\"inLanguage\":\"es\",\"potentialAction\":[{\"@type\":\"ReadAction\",\"target\":[\"https:\/\/www.sivsa.com\/site\/patrocinamos-el-x-forum-ries-25-referente-internacional-en-el-ecosistema-de-la-salud\/\"]}]},{\"@type\":\"BreadcrumbList\",\"@id\":\"https:\/\/www.sivsa.com\/site\/patrocinamos-el-x-forum-ries-25-referente-internacional-en-el-ecosistema-de-la-salud\/#breadcrumb\",\"itemListElement\":[{\"@type\":\"ListItem\",\"position\":1,\"name\":\"Portada\",\"item\":\"https:\/\/www.sivsa.com\/site\/\"},{\"@type\":\"ListItem\",\"position\":2,\"name\":\"Patrocinamos el X F\u00f3rum RIES 25, referente internacional en el ecosistema de la salud\"}]},{\"@type\":\"WebSite\",\"@id\":\"https:\/\/www.sivsa.com\/site\/#website\",\"url\":\"https:\/\/www.sivsa.com\/site\/\",\"name\":\"SIVSA\",\"description\":\"SIVSA. Communicate in technology\",\"potentialAction\":[{\"@type\":\"SearchAction\",\"target\":{\"@type\":\"EntryPoint\",\"urlTemplate\":\"https:\/\/www.sivsa.com\/site\/?s={search_term_string}\"},\"query-input\":\"required name=search_term_string\"}],\"inLanguage\":\"es\"},{\"@type\":\"Person\",\"@id\":\"https:\/\/www.sivsa.com\/site\/#\/schema\/person\/87d6f8631ae6bb552fd7d5d14c154243\",\"name\":\"redactor\",\"image\":{\"@type\":\"ImageObject\",\"inLanguage\":\"es\",\"@id\":\"https:\/\/www.sivsa.com\/site\/#\/schema\/person\/image\/\",\"url\":\"https:\/\/secure.gravatar.com\/avatar\/b7152bc117bb2e43cdaa9b1c47da78da?s=96&d=mm&r=g\",\"contentUrl\":\"https:\/\/secure.gravatar.com\/avatar\/b7152bc117bb2e43cdaa9b1c47da78da?s=96&d=mm&r=g\",\"caption\":\"redactor\"},\"url\":\"https:\/\/www.sivsa.com\/site\/author\/redactor\/\"}]}<\/script>\n<!-- \/ Yoast SEO plugin. -->","yoast_head_json":{"title":"Patrocinamos el X F\u00f3rum RIES 25, referente internacional en el ecosistema de la salud - SIVSA","description":"El RIES 25 reuni\u00f3 a l\u00edderes del \u00e1mbito sanitario, sociosanitario, tecnol\u00f3gico, institucional y cient\u00edfico en torno a los grandes desaf\u00edos del sector.","robots":{"index":"index","follow":"follow","max-snippet":"max-snippet:-1","max-image-preview":"max-image-preview:large","max-video-preview":"max-video-preview:-1"},"canonical":"https:\/\/www.sivsa.com\/site\/patrocinamos-el-x-forum-ries-25-referente-internacional-en-el-ecosistema-de-la-salud\/","og_locale":"es_ES","og_type":"article","og_title":"Patrocinamos el X F\u00f3rum RIES 25, referente internacional en el ecosistema de la salud - SIVSA","og_description":"El RIES 25 reuni\u00f3 a l\u00edderes del \u00e1mbito sanitario, sociosanitario, tecnol\u00f3gico, institucional y cient\u00edfico en torno a los grandes desaf\u00edos del sector.","og_url":"https:\/\/www.sivsa.com\/site\/patrocinamos-el-x-forum-ries-25-referente-internacional-en-el-ecosistema-de-la-salud\/","og_site_name":"SIVSA","article_published_time":"2025-10-17T06:55:55+00:00","og_image":[{"width":1200,"height":800,"url":"https:\/\/www.sivsa.com\/site\/wp-content\/uploads\/2025\/10\/02-1.jpg","type":"image\/jpeg"}],"author":"redactor","twitter_card":"summary","twitter_creator":"@sivsa_es","twitter_site":"@sivsa_es","twitter_misc":{"Escrito por":"redactor","Tiempo de lectura":"2 minutos"},"schema":{"@context":"https:\/\/schema.org","@graph":[{"@type":"WebPage","@id":"https:\/\/www.sivsa.com\/site\/patrocinamos-el-x-forum-ries-25-referente-internacional-en-el-ecosistema-de-la-salud\/","url":"https:\/\/www.sivsa.com\/site\/patrocinamos-el-x-forum-ries-25-referente-internacional-en-el-ecosistema-de-la-salud\/","name":"Patrocinamos el X F\u00f3rum RIES 25, referente internacional en el ecosistema de la salud - SIVSA","isPartOf":{"@id":"https:\/\/www.sivsa.com\/site\/#website"},"datePublished":"2025-10-17T06:55:55+00:00","dateModified":"2025-10-17T06:55:55+00:00","author":{"@id":"https:\/\/www.sivsa.com\/site\/#\/schema\/person\/87d6f8631ae6bb552fd7d5d14c154243"},"description":"El RIES 25 reuni\u00f3 a l\u00edderes del \u00e1mbito sanitario, sociosanitario, tecnol\u00f3gico, institucional y cient\u00edfico en torno a los grandes desaf\u00edos del sector.","breadcrumb":{"@id":"https:\/\/www.sivsa.com\/site\/patrocinamos-el-x-forum-ries-25-referente-internacional-en-el-ecosistema-de-la-salud\/#breadcrumb"},"inLanguage":"es","potentialAction":[{"@type":"ReadAction","target":["https:\/\/www.sivsa.com\/site\/patrocinamos-el-x-forum-ries-25-referente-internacional-en-el-ecosistema-de-la-salud\/"]}]},{"@type":"BreadcrumbList","@id":"https:\/\/www.sivsa.com\/site\/patrocinamos-el-x-forum-ries-25-referente-internacional-en-el-ecosistema-de-la-salud\/#breadcrumb","itemListElement":[{"@type":"ListItem","position":1,"name":"Portada","item":"https:\/\/www.sivsa.com\/site\/"},{"@type":"ListItem","position":2,"name":"Patrocinamos el X F\u00f3rum RIES 25, referente internacional en el ecosistema de la salud"}]},{"@type":"WebSite","@id":"https:\/\/www.sivsa.com\/site\/#website","url":"https:\/\/www.sivsa.com\/site\/","name":"SIVSA","description":"SIVSA. Communicate in technology","potentialAction":[{"@type":"SearchAction","target":{"@type":"EntryPoint","urlTemplate":"https:\/\/www.sivsa.com\/site\/?s={search_term_string}"},"query-input":"required name=search_term_string"}],"inLanguage":"es"},{"@type":"Person","@id":"https:\/\/www.sivsa.com\/site\/#\/schema\/person\/87d6f8631ae6bb552fd7d5d14c154243","name":"redactor","image":{"@type":"ImageObject","inLanguage":"es","@id":"https:\/\/www.sivsa.com\/site\/#\/schema\/person\/image\/","url":"https:\/\/secure.gravatar.com\/avatar\/b7152bc117bb2e43cdaa9b1c47da78da?s=96&d=mm&r=g","contentUrl":"https:\/\/secure.gravatar.com\/avatar\/b7152bc117bb2e43cdaa9b1c47da78da?s=96&d=mm&r=g","caption":"redactor"},"url":"https:\/\/www.sivsa.com\/site\/author\/redactor\/"}]}},"_links":{"self":[{"href":"https:\/\/www.sivsa.com\/site\/wp-json\/wp\/v2\/posts\/13050"}],"collection":[{"href":"https:\/\/www.sivsa.com\/site\/wp-json\/wp\/v2\/posts"}],"about":[{"href":"https:\/\/www.sivsa.com\/site\/wp-json\/wp\/v2\/types\/post"}],"author":[{"embeddable":true,"href":"https:\/\/www.sivsa.com\/site\/wp-json\/wp\/v2\/users\/6"}],"replies":[{"embeddable":true,"href":"https:\/\/www.sivsa.com\/site\/wp-json\/wp\/v2\/comments?post=13050"}],"version-history":[{"count":1,"href":"https:\/\/www.sivsa.com\/site\/wp-json\/wp\/v2\/posts\/13050\/revisions"}],"predecessor-version":[{"id":13056,"href":"https:\/\/www.sivsa.com\/site\/wp-json\/wp\/v2\/posts\/13050\/revisions\/13056"}],"wp:featuredmedia":[{"embeddable":true,"href":"https:\/\/www.sivsa.com\/site\/wp-json\/wp\/v2\/media\/13051"}],"wp:attachment":[{"href":"https:\/\/www.sivsa.com\/site\/wp-json\/wp\/v2\/media?parent=13050"}],"wp:term":[{"taxonomy":"category","embeddable":true,"href":"https:\/\/www.sivsa.com\/site\/wp-json\/wp\/v2\/categories?post=13050"},{"taxonomy":"post_tag","embeddable":true,"href":"https:\/\/www.sivsa.com\/site\/wp-json\/wp\/v2\/tags?post=13050"}],"curies":[{"name":"wp","href":"https:\/\/api.w.org\/{rel}","templated":true}]}}