{"id":12919,"date":"2025-03-27T15:00:43","date_gmt":"2025-03-27T14:00:43","guid":{"rendered":"https:\/\/www.sivsa.com\/site\/?p=12919"},"modified":"2025-03-27T16:08:26","modified_gmt":"2025-03-27T15:08:26","slug":"entra-en-vigor-el-reglamento-sobre-el-espacio-europeo-de-datos-de-salud-que-desafios-enfrenta","status":"publish","type":"post","link":"https:\/\/www.sivsa.com\/site\/entra-en-vigor-el-reglamento-sobre-el-espacio-europeo-de-datos-de-salud-que-desafios-enfrenta\/","title":{"rendered":"Entra en vigor el Reglamento sobre el Espacio Europeo de Datos de Salud. \u00bfQu\u00e9 desaf\u00edos enfrenta?"},"content":{"rendered":"<p>La transformaci\u00f3n digital de la asistencia sanitaria en Europa sigue avanzando con paso firme. <strong>Esta semana ha entrado en vigor el <a href=\"https:\/\/eur-lex.europa.eu\/eli\/reg\/2025\/327\" target=\"_blank\" rel=\"noopener\" data-cke-saved-href=\"https:\/\/eur-lex.europa.eu\/eli\/reg\/2025\/327\">Reglamento sobre el Espacio Europeo de Datos de Salud<\/a><\/strong> (EEDS), que est\u00e1 llamado a cambiar el paradigma de la salud tal y como se entiende y se gestiona hasta ahora en Europa.<\/p>\n<p><img loading=\"lazy\" class=\"aligncenter wp-image-12923 size-full\" src=\"https:\/\/www.sivsa.com\/site\/wp-content\/uploads\/2025\/03\/Espacio-Europeo-de-Datos.jpg\" alt=\"\" width=\"1000\" height=\"635\" srcset=\"https:\/\/www.sivsa.com\/site\/wp-content\/uploads\/2025\/03\/Espacio-Europeo-de-Datos.jpg 1000w, https:\/\/www.sivsa.com\/site\/wp-content\/uploads\/2025\/03\/Espacio-Europeo-de-Datos-300x191.jpg 300w, https:\/\/www.sivsa.com\/site\/wp-content\/uploads\/2025\/03\/Espacio-Europeo-de-Datos-600x381.jpg 600w, https:\/\/www.sivsa.com\/site\/wp-content\/uploads\/2025\/03\/Espacio-Europeo-de-Datos-768x488.jpg 768w\" sizes=\"(max-width: 1000px) 100vw, 1000px\" \/><\/p>\n<p>Aunque no tendr\u00e1 efectos inmediatos y su aplicaci\u00f3n se realizar\u00e1 de forma gradual y estructurada, <strong>el EDDS establece un marco com\u00fan para el uso y el intercambio de datos de salud electr\u00f3nicos en toda la UE de forma segura.<\/strong> Con \u00e9l, se pretende dar un impulso al desarrollo de productos y servicios sanitarios, as\u00ed como a la innovaci\u00f3n en la investigaci\u00f3n biom\u00e9dica y la industria farmac\u00e9utica, al mismo tiempo que \u00a0empoderar al paciente, mejorando la accesibilidad de los datos, \u00a0optimizar la eficiencia en la atenci\u00f3n m\u00e9dica y reforzar la elaboraci\u00f3n de pol\u00edticas p\u00fablicas.<\/p>\n<p>Con este impulso de la salud digital, <strong>la Comisi\u00f3n Europea estima que se ahorrar\u00e1n en la pr\u00f3xima d\u00e9cada alrededor de 11.000 millones de euros<\/strong>, gracias a la reducci\u00f3n de costes sanitarios derivados, por ejemplo, de procesos como la duplicidad de pruebas m\u00e9dicas. <strong>Tambi\u00e9n apunta que podr\u00eda hacer crecer la industria digital de la salud entre un 20 y un 30% cada a\u00f1o.<\/strong><\/p>\n<h4><strong>Ejes principales del Reglamento<\/strong><\/h4>\n<p>La normativa establece un entorno de datos que garantiza el acceso transfronterizo a los servicios y productos sanitarios digitales dentro de la UE. Gira sobre tres ejes principales:<\/p>\n<ol>\n<li><strong>Capacitar a las personas para que accedan, controlen y compartan sus datos de salud electr\u00f3nicos<\/strong>, a trav\u00e9s de las fronteras para la prestaci\u00f3n de asistencia sanitaria (uso primario).<\/li>\n<li><strong>Permitir la reutilizaci\u00f3n segura y fiable de los datos sanitarios <\/strong>en actividades de investigaci\u00f3n, innovaci\u00f3n, formulaci\u00f3n de pol\u00edticas y reglamentaci\u00f3n (uso secundario).<\/li>\n<li><strong>Fomentar un mercado \u00fanico para los sistemas de historia cl\u00ednica electr\u00f3nica<\/strong> (HCE), apoyando tanto el uso primario como el secundario.<\/li>\n<\/ol>\n<p>Los ciudadanos de la UE podr\u00e1n as\u00ed acceder con mayor facilidad a sus datos de salud, no solo en su pa\u00eds de origen, sino en cualquier Estado miembro. Contar\u00e1n, adem\u00e1s, con un mayor control sobre el uso que se hace de ellos, pudiendo a\u00f1adir informaci\u00f3n sanitaria personal, restringir el acceso a partes espec\u00edficas de su historia o a personas concretas y ejercer sus derechos de exclusi\u00f3n voluntaria del uso secundario de sus datos, entre otros.<\/p>\n<p>El Reglamento potenciar\u00e1 tambi\u00e9n la investigaci\u00f3n, ya que los cient\u00edficos dispondr\u00e1n de un mayor n\u00famero de datos de alta calidad (anonimizados y seudomizados), esencial para el desarrollo de nuevos y mejores tratamientos, as\u00ed como para responder a futuras crisis sanitarias. Promover\u00e1, por otro lado, la interoperabilidad entre los diferentes sistemas de historia cl\u00ednica electr\u00f3nica existentes, que deber\u00e1n cumplir con el formato europeo.<\/p>\n<p>Sin embargo, para que este escenario se lleve a la pr\u00e1ctica,\u00a0<strong>todav\u00eda hay importantes desaf\u00edos que afrontar relacionados con la ciberseguridad, la privacidad, la gobernanza, el distinto nivel de digitalizaci\u00f3n de los datos de salud entre los Estados miembro o la disgregaci\u00f3n de los datos sanitarios<\/strong> que, en pa\u00edses como Espa\u00f1a, son fruto de la descentralizaci\u00f3n del sistema.<\/p>\n<h4><strong>Hitos clave en la aplicaci\u00f3n del Reglamento<\/strong><\/h4>\n<p>El EEDS presenta una gran oportunidad para transformar la atenci\u00f3n m\u00e9dica en Europa, pero para ello ser\u00e1 preciso superar las barreras \u00e9ticas, legales, tecnol\u00f3gicas y organizativas que plantea para la UE. Estos son los pr\u00f3ximos pasos previstos para su aplicaci\u00f3n plena:<\/p>\n<ul>\n<li><strong>Marzo de 2025:<\/strong> entrada en vigor del reglamento sobre el EEDS.<\/li>\n<li><strong>Marzo de 2027:<\/strong>\u00a0la Comisi\u00f3n establecer\u00e1 normas detalladas para la puesta en pr\u00e1ctica del Reglamento.<\/li>\n<li><strong>Marzo de 2029:<\/strong>\n<ul>\n<li>Entrada en vigor de las partes clave del Reglamento en todos los Estados miembro.\n<ul>\n<li>Uso primario<\/li>\n<li>Intercambio del primer grupo de categor\u00edas prioritarias de datos de salud historias cl\u00ednicas resumidas de los pacientes, recetas electr\u00f3nicas y dispensaciones electr\u00f3nicas.<\/li>\n<\/ul>\n<\/li>\n<li>Entrada en vigor de las normas sobre uso secundario<\/li>\n<\/ul>\n<\/li>\n<li><strong>Marzo de 2031:<\/strong> deber\u00e1 estar operativo en todos los Estados miembro de la UE el intercambio del segundo grupo de categor\u00edas prioritarias de datos de salud y comenzar\u00e1n a aplicarse las normas sobre el uso secundario a las dem\u00e1s categor\u00edas de datos.<\/li>\n<li><strong>Marzo de 2034:<\/strong> podr\u00e1n solicitar su adhesi\u00f3n para su uso secundario a DatosSalud@UE (HealthData@EU) terceros pa\u00edses y organizaciones internacionales.<\/li>\n<\/ul>\n","protected":false},"excerpt":{"rendered":"<p>La transformaci\u00f3n digital de la asistencia sanitaria en Europa sigue avanzando con paso firme. Esta semana ha entrado en vigor el Reglamento sobre el Espacio Europeo de Datos de Salud (EEDS), que est\u00e1 llamado a cambiar el paradigma de la salud tal y como se entiende y se gestiona hasta ahora en Europa. Aunque no&#8230;<\/p>\n","protected":false},"author":6,"featured_media":12923,"comment_status":"closed","ping_status":"closed","sticky":false,"template":"","format":"standard","meta":{"xn-wppe-expiration":[],"xn-wppe-expiration-action":[],"xn-wppe-expiration-prefix":[]},"categories":[216],"tags":[263,128,585,223,586],"yoast_head":"<!-- This site is optimized with the Yoast SEO plugin v19.6.1 - https:\/\/yoast.com\/wordpress\/plugins\/seo\/ -->\n<title>Entra en vigor el Reglamento sobre el Espacio Europeo de Datos de Salud. \u00bfQu\u00e9 desaf\u00edos enfrenta?<\/title>\n<meta name=\"description\" content=\"Deber\u00e1 superar barreras relacionadas con la ciberseguridad, la gobernanza, la privacidad o el distinto nivel de digitalizaci\u00f3n de los Estados miembro.\" \/>\n<meta name=\"robots\" content=\"index, follow, max-snippet:-1, max-image-preview:large, max-video-preview:-1\" \/>\n<link rel=\"canonical\" href=\"https:\/\/www.sivsa.com\/site\/entra-en-vigor-el-reglamento-sobre-el-espacio-europeo-de-datos-de-salud-que-desafios-enfrenta\/\" \/>\n<meta property=\"og:locale\" content=\"es_ES\" \/>\n<meta property=\"og:type\" content=\"article\" \/>\n<meta property=\"og:title\" content=\"Entra en vigor el Reglamento sobre el Espacio Europeo de Datos de Salud. \u00bfQu\u00e9 desaf\u00edos enfrenta?\" \/>\n<meta property=\"og:description\" content=\"Deber\u00e1 superar barreras relacionadas con la ciberseguridad, la gobernanza, la privacidad o el distinto nivel de digitalizaci\u00f3n de los Estados miembro.\" \/>\n<meta property=\"og:url\" content=\"https:\/\/www.sivsa.com\/site\/entra-en-vigor-el-reglamento-sobre-el-espacio-europeo-de-datos-de-salud-que-desafios-enfrenta\/\" \/>\n<meta property=\"og:site_name\" content=\"SIVSA\" \/>\n<meta property=\"article:published_time\" content=\"2025-03-27T14:00:43+00:00\" \/>\n<meta property=\"article:modified_time\" content=\"2025-03-27T15:08:26+00:00\" \/>\n<meta property=\"og:image\" content=\"https:\/\/www.sivsa.com\/site\/wp-content\/uploads\/2025\/03\/Espacio-Europeo-de-Datos.jpg\" \/>\n\t<meta property=\"og:image:width\" content=\"1000\" \/>\n\t<meta property=\"og:image:height\" content=\"635\" \/>\n\t<meta property=\"og:image:type\" content=\"image\/jpeg\" \/>\n<meta name=\"author\" content=\"redactor\" \/>\n<meta name=\"twitter:card\" content=\"summary\" \/>\n<meta name=\"twitter:creator\" content=\"@sivsa_es\" \/>\n<meta name=\"twitter:site\" content=\"@sivsa_es\" \/>\n<meta name=\"twitter:label1\" content=\"Escrito por\" \/>\n\t<meta name=\"twitter:data1\" content=\"redactor\" \/>\n\t<meta name=\"twitter:label2\" content=\"Tiempo de lectura\" \/>\n\t<meta name=\"twitter:data2\" content=\"4 minutos\" \/>\n<script type=\"application\/ld+json\" class=\"yoast-schema-graph\">{\"@context\":\"https:\/\/schema.org\",\"@graph\":[{\"@type\":\"WebPage\",\"@id\":\"https:\/\/www.sivsa.com\/site\/entra-en-vigor-el-reglamento-sobre-el-espacio-europeo-de-datos-de-salud-que-desafios-enfrenta\/\",\"url\":\"https:\/\/www.sivsa.com\/site\/entra-en-vigor-el-reglamento-sobre-el-espacio-europeo-de-datos-de-salud-que-desafios-enfrenta\/\",\"name\":\"Entra en vigor el Reglamento sobre el Espacio Europeo de Datos de Salud. \u00bfQu\u00e9 desaf\u00edos enfrenta?\",\"isPartOf\":{\"@id\":\"https:\/\/www.sivsa.com\/site\/#website\"},\"datePublished\":\"2025-03-27T14:00:43+00:00\",\"dateModified\":\"2025-03-27T15:08:26+00:00\",\"author\":{\"@id\":\"https:\/\/www.sivsa.com\/site\/#\/schema\/person\/87d6f8631ae6bb552fd7d5d14c154243\"},\"description\":\"Deber\u00e1 superar barreras relacionadas con la ciberseguridad, la gobernanza, la privacidad o el distinto nivel de digitalizaci\u00f3n de los Estados miembro.\",\"breadcrumb\":{\"@id\":\"https:\/\/www.sivsa.com\/site\/entra-en-vigor-el-reglamento-sobre-el-espacio-europeo-de-datos-de-salud-que-desafios-enfrenta\/#breadcrumb\"},\"inLanguage\":\"es\",\"potentialAction\":[{\"@type\":\"ReadAction\",\"target\":[\"https:\/\/www.sivsa.com\/site\/entra-en-vigor-el-reglamento-sobre-el-espacio-europeo-de-datos-de-salud-que-desafios-enfrenta\/\"]}]},{\"@type\":\"BreadcrumbList\",\"@id\":\"https:\/\/www.sivsa.com\/site\/entra-en-vigor-el-reglamento-sobre-el-espacio-europeo-de-datos-de-salud-que-desafios-enfrenta\/#breadcrumb\",\"itemListElement\":[{\"@type\":\"ListItem\",\"position\":1,\"name\":\"Portada\",\"item\":\"https:\/\/www.sivsa.com\/site\/\"},{\"@type\":\"ListItem\",\"position\":2,\"name\":\"Entra en vigor el Reglamento sobre el Espacio Europeo de Datos de Salud. \u00bfQu\u00e9 desaf\u00edos enfrenta?\"}]},{\"@type\":\"WebSite\",\"@id\":\"https:\/\/www.sivsa.com\/site\/#website\",\"url\":\"https:\/\/www.sivsa.com\/site\/\",\"name\":\"SIVSA\",\"description\":\"SIVSA. Communicate in technology\",\"potentialAction\":[{\"@type\":\"SearchAction\",\"target\":{\"@type\":\"EntryPoint\",\"urlTemplate\":\"https:\/\/www.sivsa.com\/site\/?s={search_term_string}\"},\"query-input\":\"required name=search_term_string\"}],\"inLanguage\":\"es\"},{\"@type\":\"Person\",\"@id\":\"https:\/\/www.sivsa.com\/site\/#\/schema\/person\/87d6f8631ae6bb552fd7d5d14c154243\",\"name\":\"redactor\",\"image\":{\"@type\":\"ImageObject\",\"inLanguage\":\"es\",\"@id\":\"https:\/\/www.sivsa.com\/site\/#\/schema\/person\/image\/\",\"url\":\"https:\/\/secure.gravatar.com\/avatar\/b7152bc117bb2e43cdaa9b1c47da78da?s=96&d=mm&r=g\",\"contentUrl\":\"https:\/\/secure.gravatar.com\/avatar\/b7152bc117bb2e43cdaa9b1c47da78da?s=96&d=mm&r=g\",\"caption\":\"redactor\"},\"url\":\"https:\/\/www.sivsa.com\/site\/author\/redactor\/\"}]}<\/script>\n<!-- \/ Yoast SEO plugin. -->","yoast_head_json":{"title":"Entra en vigor el Reglamento sobre el Espacio Europeo de Datos de Salud. \u00bfQu\u00e9 desaf\u00edos enfrenta?","description":"Deber\u00e1 superar barreras relacionadas con la ciberseguridad, la gobernanza, la privacidad o el distinto nivel de digitalizaci\u00f3n de los Estados miembro.","robots":{"index":"index","follow":"follow","max-snippet":"max-snippet:-1","max-image-preview":"max-image-preview:large","max-video-preview":"max-video-preview:-1"},"canonical":"https:\/\/www.sivsa.com\/site\/entra-en-vigor-el-reglamento-sobre-el-espacio-europeo-de-datos-de-salud-que-desafios-enfrenta\/","og_locale":"es_ES","og_type":"article","og_title":"Entra en vigor el Reglamento sobre el Espacio Europeo de Datos de Salud. \u00bfQu\u00e9 desaf\u00edos enfrenta?","og_description":"Deber\u00e1 superar barreras relacionadas con la ciberseguridad, la gobernanza, la privacidad o el distinto nivel de digitalizaci\u00f3n de los Estados miembro.","og_url":"https:\/\/www.sivsa.com\/site\/entra-en-vigor-el-reglamento-sobre-el-espacio-europeo-de-datos-de-salud-que-desafios-enfrenta\/","og_site_name":"SIVSA","article_published_time":"2025-03-27T14:00:43+00:00","article_modified_time":"2025-03-27T15:08:26+00:00","og_image":[{"width":1000,"height":635,"url":"https:\/\/www.sivsa.com\/site\/wp-content\/uploads\/2025\/03\/Espacio-Europeo-de-Datos.jpg","type":"image\/jpeg"}],"author":"redactor","twitter_card":"summary","twitter_creator":"@sivsa_es","twitter_site":"@sivsa_es","twitter_misc":{"Escrito por":"redactor","Tiempo de lectura":"4 minutos"},"schema":{"@context":"https:\/\/schema.org","@graph":[{"@type":"WebPage","@id":"https:\/\/www.sivsa.com\/site\/entra-en-vigor-el-reglamento-sobre-el-espacio-europeo-de-datos-de-salud-que-desafios-enfrenta\/","url":"https:\/\/www.sivsa.com\/site\/entra-en-vigor-el-reglamento-sobre-el-espacio-europeo-de-datos-de-salud-que-desafios-enfrenta\/","name":"Entra en vigor el Reglamento sobre el Espacio Europeo de Datos de Salud. \u00bfQu\u00e9 desaf\u00edos enfrenta?","isPartOf":{"@id":"https:\/\/www.sivsa.com\/site\/#website"},"datePublished":"2025-03-27T14:00:43+00:00","dateModified":"2025-03-27T15:08:26+00:00","author":{"@id":"https:\/\/www.sivsa.com\/site\/#\/schema\/person\/87d6f8631ae6bb552fd7d5d14c154243"},"description":"Deber\u00e1 superar barreras relacionadas con la ciberseguridad, la gobernanza, la privacidad o el distinto nivel de digitalizaci\u00f3n de los Estados miembro.","breadcrumb":{"@id":"https:\/\/www.sivsa.com\/site\/entra-en-vigor-el-reglamento-sobre-el-espacio-europeo-de-datos-de-salud-que-desafios-enfrenta\/#breadcrumb"},"inLanguage":"es","potentialAction":[{"@type":"ReadAction","target":["https:\/\/www.sivsa.com\/site\/entra-en-vigor-el-reglamento-sobre-el-espacio-europeo-de-datos-de-salud-que-desafios-enfrenta\/"]}]},{"@type":"BreadcrumbList","@id":"https:\/\/www.sivsa.com\/site\/entra-en-vigor-el-reglamento-sobre-el-espacio-europeo-de-datos-de-salud-que-desafios-enfrenta\/#breadcrumb","itemListElement":[{"@type":"ListItem","position":1,"name":"Portada","item":"https:\/\/www.sivsa.com\/site\/"},{"@type":"ListItem","position":2,"name":"Entra en vigor el Reglamento sobre el Espacio Europeo de Datos de Salud. \u00bfQu\u00e9 desaf\u00edos enfrenta?"}]},{"@type":"WebSite","@id":"https:\/\/www.sivsa.com\/site\/#website","url":"https:\/\/www.sivsa.com\/site\/","name":"SIVSA","description":"SIVSA. Communicate in technology","potentialAction":[{"@type":"SearchAction","target":{"@type":"EntryPoint","urlTemplate":"https:\/\/www.sivsa.com\/site\/?s={search_term_string}"},"query-input":"required name=search_term_string"}],"inLanguage":"es"},{"@type":"Person","@id":"https:\/\/www.sivsa.com\/site\/#\/schema\/person\/87d6f8631ae6bb552fd7d5d14c154243","name":"redactor","image":{"@type":"ImageObject","inLanguage":"es","@id":"https:\/\/www.sivsa.com\/site\/#\/schema\/person\/image\/","url":"https:\/\/secure.gravatar.com\/avatar\/b7152bc117bb2e43cdaa9b1c47da78da?s=96&d=mm&r=g","contentUrl":"https:\/\/secure.gravatar.com\/avatar\/b7152bc117bb2e43cdaa9b1c47da78da?s=96&d=mm&r=g","caption":"redactor"},"url":"https:\/\/www.sivsa.com\/site\/author\/redactor\/"}]}},"_links":{"self":[{"href":"https:\/\/www.sivsa.com\/site\/wp-json\/wp\/v2\/posts\/12919"}],"collection":[{"href":"https:\/\/www.sivsa.com\/site\/wp-json\/wp\/v2\/posts"}],"about":[{"href":"https:\/\/www.sivsa.com\/site\/wp-json\/wp\/v2\/types\/post"}],"author":[{"embeddable":true,"href":"https:\/\/www.sivsa.com\/site\/wp-json\/wp\/v2\/users\/6"}],"replies":[{"embeddable":true,"href":"https:\/\/www.sivsa.com\/site\/wp-json\/wp\/v2\/comments?post=12919"}],"version-history":[{"count":4,"href":"https:\/\/www.sivsa.com\/site\/wp-json\/wp\/v2\/posts\/12919\/revisions"}],"predecessor-version":[{"id":12925,"href":"https:\/\/www.sivsa.com\/site\/wp-json\/wp\/v2\/posts\/12919\/revisions\/12925"}],"wp:featuredmedia":[{"embeddable":true,"href":"https:\/\/www.sivsa.com\/site\/wp-json\/wp\/v2\/media\/12923"}],"wp:attachment":[{"href":"https:\/\/www.sivsa.com\/site\/wp-json\/wp\/v2\/media?parent=12919"}],"wp:term":[{"taxonomy":"category","embeddable":true,"href":"https:\/\/www.sivsa.com\/site\/wp-json\/wp\/v2\/categories?post=12919"},{"taxonomy":"post_tag","embeddable":true,"href":"https:\/\/www.sivsa.com\/site\/wp-json\/wp\/v2\/tags?post=12919"}],"curies":[{"name":"wp","href":"https:\/\/api.w.org\/{rel}","templated":true}]}}