{"id":12892,"date":"2025-03-07T08:00:24","date_gmt":"2025-03-07T07:00:24","guid":{"rendered":"https:\/\/www.sivsa.com\/site\/?p=12892"},"modified":"2025-03-10T10:17:11","modified_gmt":"2025-03-10T09:17:11","slug":"cual-es-el-impacto-ambiental-de-la-ia-generativa","status":"publish","type":"post","link":"https:\/\/www.sivsa.com\/site\/cual-es-el-impacto-ambiental-de-la-ia-generativa\/","title":{"rendered":"\u00bfCu\u00e1l es el impacto ambiental de la IA generativa?"},"content":{"rendered":"<p>La IA es una de las tecnolog\u00edas m\u00e1s transformadoras de los \u00faltimos a\u00f1os. Su uso ha transcendido del sector empresarial y se ha extendido a toda la sociedad en general, abarcando a todo tipo de perfiles y edades, y para todo tipo de tareas. Desde automatizar procesos y maximizar la productividad, hasta para escribir un email, generar una imagen, buscar informaci\u00f3n o preparar una presentaci\u00f3n.<\/p>\n<p>Su auge y popularizaci\u00f3n tambi\u00e9n ha disparado la preocupaci\u00f3n por las repercusiones medioambientales de su cada vez m\u00e1s creciente utilizaci\u00f3n. Y es que sus ventajas son indudables a la hora de permitir a los profesionales enfocarse a tareas de valor, pero tambi\u00e9n es fundamental hacer un uso sostenible y responsable de esta tecnolog\u00eda, pensando en el futuro del planeta.<\/p>\n<h4><strong>Alto consumo de energ\u00eda y agua y de emisi\u00f3n de Co<\/strong><strong><sub>2<\/sub><\/strong><\/h4>\n<p><strong>\u00a0<\/strong>El uso de la inteligencia artificial (IA) generativa tiene un impacto ambiental significativo debido al consumo de energ\u00eda y agua en los centros de datos que soportan estas tecnolog\u00edas. Seg\u00fan un estudio reciente de Capgemini, se prev\u00e9 que la demanda global de electricidad para los centros de datos se incremente m\u00e1s del doble en 2026, pasando de los 460 TWh en 2022 a los 1.000 TWh en 2026, impulsada precisamente por la IA generativa. Como dato, resaltar que solo la formaci\u00f3n de un modelo GPT- 4 consume entre 51.772 y 62.319 MWh, lo que equivale al consumo anual de 5.000 hogares estadounidenses.<\/p>\n<p>Adem\u00e1s del consumo de energ\u00eda, tambi\u00e9n hay que tener en cuenta el de agua que genera. Un centro de datos de tama\u00f1o medio puede llegar a consumir hasta 1,1 millones de litros al d\u00eda para su refrigeraci\u00f3n y las previsiones indican que la demanda mundial de IA supondr\u00e1 la extracci\u00f3n de 4.200 a 6.000 millones de metros c\u00fabicos de agua en 2027. A esto hay que sumar el agua consumida en la fabricaci\u00f3n de microchips utilizados en IA, que ronda los 8.328 litros de agua ultra pura por unidad, adem\u00e1s de la emisi\u00f3n de gases de efecto invernadero. El entrenamiento de un solo modelo de IA puede generar m\u00e1s de 284.000 kilos de Co<sub>2<\/sub>, lo que equivale a las emisiones de cinco coches durante toda su vida \u00fatil. Y todo esto sin contabilizar los desechos o residuos electr\u00f3nicos que se estima que podr\u00eda producir, entre 1,2 y 5 millones de toneladas m\u00e9tricas, seg\u00fan las \u00faltimas previsiones, para 2030, lo que pronostica un incremento de 1.000 veces m\u00e1s.<\/p>\n<p>&nbsp;<\/p>\n<p><img loading=\"lazy\" class=\"alignnone size-full wp-image-12898\" src=\"https:\/\/www.sivsa.com\/site\/wp-content\/uploads\/2025\/03\/Newsletter-SIVSA.jpg\" alt=\"\" width=\"1500\" height=\"2107\" srcset=\"https:\/\/www.sivsa.com\/site\/wp-content\/uploads\/2025\/03\/Newsletter-SIVSA.jpg 1500w, https:\/\/www.sivsa.com\/site\/wp-content\/uploads\/2025\/03\/Newsletter-SIVSA-214x300.jpg 214w, https:\/\/www.sivsa.com\/site\/wp-content\/uploads\/2025\/03\/Newsletter-SIVSA-729x1024.jpg 729w, https:\/\/www.sivsa.com\/site\/wp-content\/uploads\/2025\/03\/Newsletter-SIVSA-1093x1536.jpg 1093w, https:\/\/www.sivsa.com\/site\/wp-content\/uploads\/2025\/03\/Newsletter-SIVSA-1458x2048.jpg 1458w, https:\/\/www.sivsa.com\/site\/wp-content\/uploads\/2025\/03\/Newsletter-SIVSA-600x843.jpg 600w, https:\/\/www.sivsa.com\/site\/wp-content\/uploads\/2025\/03\/Newsletter-SIVSA-768x1079.jpg 768w\" sizes=\"(max-width: 1500px) 100vw, 1500px\" \/><\/p>\n","protected":false},"excerpt":{"rendered":"<p>La IA es una de las tecnolog\u00edas m\u00e1s transformadoras de los \u00faltimos a\u00f1os. Su uso ha transcendido del sector empresarial y se ha extendido a toda la sociedad en general, abarcando a todo tipo de perfiles y edades, y para todo tipo de tareas. Desde automatizar procesos y maximizar la productividad, hasta para escribir un&#8230;<\/p>\n","protected":false},"author":6,"featured_media":12898,"comment_status":"closed","ping_status":"closed","sticky":false,"template":"","format":"standard","meta":{"xn-wppe-expiration":[],"xn-wppe-expiration-action":[],"xn-wppe-expiration-prefix":[]},"categories":[216],"tags":[434,583,582],"yoast_head":"<!-- This site is optimized with the Yoast SEO plugin v19.6.1 - https:\/\/yoast.com\/wordpress\/plugins\/seo\/ -->\n<title>\u00bfCu\u00e1l es el impacto ambiental de la IA generativa?<\/title>\n<meta name=\"description\" content=\"Descubre como reducir el impacto medioambiental de la IA generativa.\" \/>\n<meta name=\"robots\" content=\"index, follow, max-snippet:-1, max-image-preview:large, max-video-preview:-1\" \/>\n<link rel=\"canonical\" href=\"https:\/\/www.sivsa.com\/site\/cual-es-el-impacto-ambiental-de-la-ia-generativa\/\" \/>\n<meta property=\"og:locale\" content=\"es_ES\" \/>\n<meta property=\"og:type\" content=\"article\" \/>\n<meta property=\"og:title\" content=\"\u00bfCu\u00e1l es el impacto ambiental de la IA generativa?\" \/>\n<meta property=\"og:description\" content=\"Descubre como reducir el impacto medioambiental de la IA generativa.\" \/>\n<meta property=\"og:url\" content=\"https:\/\/www.sivsa.com\/site\/cual-es-el-impacto-ambiental-de-la-ia-generativa\/\" \/>\n<meta property=\"og:site_name\" content=\"SIVSA\" \/>\n<meta property=\"article:published_time\" content=\"2025-03-07T07:00:24+00:00\" \/>\n<meta property=\"article:modified_time\" content=\"2025-03-10T09:17:11+00:00\" \/>\n<meta property=\"og:image\" content=\"https:\/\/www.sivsa.com\/site\/wp-content\/uploads\/2025\/03\/Newsletter-SIVSA.jpg\" \/>\n\t<meta property=\"og:image:width\" content=\"1500\" \/>\n\t<meta property=\"og:image:height\" content=\"2107\" \/>\n\t<meta property=\"og:image:type\" content=\"image\/jpeg\" \/>\n<meta name=\"author\" content=\"redactor\" \/>\n<meta name=\"twitter:card\" content=\"summary\" \/>\n<meta name=\"twitter:creator\" content=\"@sivsa_es\" \/>\n<meta name=\"twitter:site\" content=\"@sivsa_es\" \/>\n<meta name=\"twitter:label1\" content=\"Escrito por\" \/>\n\t<meta name=\"twitter:data1\" content=\"redactor\" \/>\n\t<meta name=\"twitter:label2\" content=\"Tiempo de lectura\" \/>\n\t<meta name=\"twitter:data2\" content=\"3 minutos\" \/>\n<script type=\"application\/ld+json\" class=\"yoast-schema-graph\">{\"@context\":\"https:\/\/schema.org\",\"@graph\":[{\"@type\":\"WebPage\",\"@id\":\"https:\/\/www.sivsa.com\/site\/cual-es-el-impacto-ambiental-de-la-ia-generativa\/\",\"url\":\"https:\/\/www.sivsa.com\/site\/cual-es-el-impacto-ambiental-de-la-ia-generativa\/\",\"name\":\"\u00bfCu\u00e1l es el impacto ambiental de la IA generativa?\",\"isPartOf\":{\"@id\":\"https:\/\/www.sivsa.com\/site\/#website\"},\"datePublished\":\"2025-03-07T07:00:24+00:00\",\"dateModified\":\"2025-03-10T09:17:11+00:00\",\"author\":{\"@id\":\"https:\/\/www.sivsa.com\/site\/#\/schema\/person\/87d6f8631ae6bb552fd7d5d14c154243\"},\"description\":\"Descubre como reducir el impacto medioambiental de la IA generativa.\",\"breadcrumb\":{\"@id\":\"https:\/\/www.sivsa.com\/site\/cual-es-el-impacto-ambiental-de-la-ia-generativa\/#breadcrumb\"},\"inLanguage\":\"es\",\"potentialAction\":[{\"@type\":\"ReadAction\",\"target\":[\"https:\/\/www.sivsa.com\/site\/cual-es-el-impacto-ambiental-de-la-ia-generativa\/\"]}]},{\"@type\":\"BreadcrumbList\",\"@id\":\"https:\/\/www.sivsa.com\/site\/cual-es-el-impacto-ambiental-de-la-ia-generativa\/#breadcrumb\",\"itemListElement\":[{\"@type\":\"ListItem\",\"position\":1,\"name\":\"Portada\",\"item\":\"https:\/\/www.sivsa.com\/site\/\"},{\"@type\":\"ListItem\",\"position\":2,\"name\":\"\u00bfCu\u00e1l es el impacto ambiental de la IA generativa?\"}]},{\"@type\":\"WebSite\",\"@id\":\"https:\/\/www.sivsa.com\/site\/#website\",\"url\":\"https:\/\/www.sivsa.com\/site\/\",\"name\":\"SIVSA\",\"description\":\"SIVSA. Communicate in technology\",\"potentialAction\":[{\"@type\":\"SearchAction\",\"target\":{\"@type\":\"EntryPoint\",\"urlTemplate\":\"https:\/\/www.sivsa.com\/site\/?s={search_term_string}\"},\"query-input\":\"required name=search_term_string\"}],\"inLanguage\":\"es\"},{\"@type\":\"Person\",\"@id\":\"https:\/\/www.sivsa.com\/site\/#\/schema\/person\/87d6f8631ae6bb552fd7d5d14c154243\",\"name\":\"redactor\",\"image\":{\"@type\":\"ImageObject\",\"inLanguage\":\"es\",\"@id\":\"https:\/\/www.sivsa.com\/site\/#\/schema\/person\/image\/\",\"url\":\"https:\/\/secure.gravatar.com\/avatar\/b7152bc117bb2e43cdaa9b1c47da78da?s=96&d=mm&r=g\",\"contentUrl\":\"https:\/\/secure.gravatar.com\/avatar\/b7152bc117bb2e43cdaa9b1c47da78da?s=96&d=mm&r=g\",\"caption\":\"redactor\"},\"url\":\"https:\/\/www.sivsa.com\/site\/author\/redactor\/\"}]}<\/script>\n<!-- \/ Yoast SEO plugin. -->","yoast_head_json":{"title":"\u00bfCu\u00e1l es el impacto ambiental de la IA generativa?","description":"Descubre como reducir el impacto medioambiental de la IA generativa.","robots":{"index":"index","follow":"follow","max-snippet":"max-snippet:-1","max-image-preview":"max-image-preview:large","max-video-preview":"max-video-preview:-1"},"canonical":"https:\/\/www.sivsa.com\/site\/cual-es-el-impacto-ambiental-de-la-ia-generativa\/","og_locale":"es_ES","og_type":"article","og_title":"\u00bfCu\u00e1l es el impacto ambiental de la IA generativa?","og_description":"Descubre como reducir el impacto medioambiental de la IA generativa.","og_url":"https:\/\/www.sivsa.com\/site\/cual-es-el-impacto-ambiental-de-la-ia-generativa\/","og_site_name":"SIVSA","article_published_time":"2025-03-07T07:00:24+00:00","article_modified_time":"2025-03-10T09:17:11+00:00","og_image":[{"width":1500,"height":2107,"url":"https:\/\/www.sivsa.com\/site\/wp-content\/uploads\/2025\/03\/Newsletter-SIVSA.jpg","type":"image\/jpeg"}],"author":"redactor","twitter_card":"summary","twitter_creator":"@sivsa_es","twitter_site":"@sivsa_es","twitter_misc":{"Escrito por":"redactor","Tiempo de lectura":"3 minutos"},"schema":{"@context":"https:\/\/schema.org","@graph":[{"@type":"WebPage","@id":"https:\/\/www.sivsa.com\/site\/cual-es-el-impacto-ambiental-de-la-ia-generativa\/","url":"https:\/\/www.sivsa.com\/site\/cual-es-el-impacto-ambiental-de-la-ia-generativa\/","name":"\u00bfCu\u00e1l es el impacto ambiental de la IA generativa?","isPartOf":{"@id":"https:\/\/www.sivsa.com\/site\/#website"},"datePublished":"2025-03-07T07:00:24+00:00","dateModified":"2025-03-10T09:17:11+00:00","author":{"@id":"https:\/\/www.sivsa.com\/site\/#\/schema\/person\/87d6f8631ae6bb552fd7d5d14c154243"},"description":"Descubre como reducir el impacto medioambiental de la IA generativa.","breadcrumb":{"@id":"https:\/\/www.sivsa.com\/site\/cual-es-el-impacto-ambiental-de-la-ia-generativa\/#breadcrumb"},"inLanguage":"es","potentialAction":[{"@type":"ReadAction","target":["https:\/\/www.sivsa.com\/site\/cual-es-el-impacto-ambiental-de-la-ia-generativa\/"]}]},{"@type":"BreadcrumbList","@id":"https:\/\/www.sivsa.com\/site\/cual-es-el-impacto-ambiental-de-la-ia-generativa\/#breadcrumb","itemListElement":[{"@type":"ListItem","position":1,"name":"Portada","item":"https:\/\/www.sivsa.com\/site\/"},{"@type":"ListItem","position":2,"name":"\u00bfCu\u00e1l es el impacto ambiental de la IA generativa?"}]},{"@type":"WebSite","@id":"https:\/\/www.sivsa.com\/site\/#website","url":"https:\/\/www.sivsa.com\/site\/","name":"SIVSA","description":"SIVSA. Communicate in technology","potentialAction":[{"@type":"SearchAction","target":{"@type":"EntryPoint","urlTemplate":"https:\/\/www.sivsa.com\/site\/?s={search_term_string}"},"query-input":"required name=search_term_string"}],"inLanguage":"es"},{"@type":"Person","@id":"https:\/\/www.sivsa.com\/site\/#\/schema\/person\/87d6f8631ae6bb552fd7d5d14c154243","name":"redactor","image":{"@type":"ImageObject","inLanguage":"es","@id":"https:\/\/www.sivsa.com\/site\/#\/schema\/person\/image\/","url":"https:\/\/secure.gravatar.com\/avatar\/b7152bc117bb2e43cdaa9b1c47da78da?s=96&d=mm&r=g","contentUrl":"https:\/\/secure.gravatar.com\/avatar\/b7152bc117bb2e43cdaa9b1c47da78da?s=96&d=mm&r=g","caption":"redactor"},"url":"https:\/\/www.sivsa.com\/site\/author\/redactor\/"}]}},"_links":{"self":[{"href":"https:\/\/www.sivsa.com\/site\/wp-json\/wp\/v2\/posts\/12892"}],"collection":[{"href":"https:\/\/www.sivsa.com\/site\/wp-json\/wp\/v2\/posts"}],"about":[{"href":"https:\/\/www.sivsa.com\/site\/wp-json\/wp\/v2\/types\/post"}],"author":[{"embeddable":true,"href":"https:\/\/www.sivsa.com\/site\/wp-json\/wp\/v2\/users\/6"}],"replies":[{"embeddable":true,"href":"https:\/\/www.sivsa.com\/site\/wp-json\/wp\/v2\/comments?post=12892"}],"version-history":[{"count":3,"href":"https:\/\/www.sivsa.com\/site\/wp-json\/wp\/v2\/posts\/12892\/revisions"}],"predecessor-version":[{"id":12899,"href":"https:\/\/www.sivsa.com\/site\/wp-json\/wp\/v2\/posts\/12892\/revisions\/12899"}],"wp:featuredmedia":[{"embeddable":true,"href":"https:\/\/www.sivsa.com\/site\/wp-json\/wp\/v2\/media\/12898"}],"wp:attachment":[{"href":"https:\/\/www.sivsa.com\/site\/wp-json\/wp\/v2\/media?parent=12892"}],"wp:term":[{"taxonomy":"category","embeddable":true,"href":"https:\/\/www.sivsa.com\/site\/wp-json\/wp\/v2\/categories?post=12892"},{"taxonomy":"post_tag","embeddable":true,"href":"https:\/\/www.sivsa.com\/site\/wp-json\/wp\/v2\/tags?post=12892"}],"curies":[{"name":"wp","href":"https:\/\/api.w.org\/{rel}","templated":true}]}}