{"id":12658,"date":"2024-06-28T09:33:46","date_gmt":"2024-06-28T07:33:46","guid":{"rendered":"https:\/\/www.sivsa.com\/site\/?p=12658"},"modified":"2024-06-28T09:33:46","modified_gmt":"2024-06-28T07:33:46","slug":"jornada-sobre-el-impacto-del-reglamento-europeo-de-inteligencia-artificial","status":"publish","type":"post","link":"https:\/\/www.sivsa.com\/site\/jornada-sobre-el-impacto-del-reglamento-europeo-de-inteligencia-artificial\/","title":{"rendered":"Asistimos a la jornada sobre \u00abEl impacto del reglamento europeo de inteligencia artificial\u00bb organizada por Gartner en la Cidade da Cultura"},"content":{"rendered":"<p>En SIVSA asistimos a la jornada \u201cEl impacto del reglamento europeo de inteligencia artificial\u201d, organizada por Gartner y que reuni\u00f3 a representantes auton\u00f3micos, del sector TIC y de las empresas del Pacto Digital de Galicia, ayer en la Cidade de la Cultura de Galicia.<\/p>\n<p>El encuentro, que fue clausurado por el presidente de la Xunta de Galicia, Alfonso Rueda, abord\u00f3 temas de gran calado para el futuro. Como los riesgos y oportunidades de la IA o la importancia de su regulaci\u00f3n, derivados de la revoluci\u00f3n que est\u00e1 suponiendo el avance y calado de esta tecnolog\u00eda, tanto para el sector tecnol\u00f3gico como para las organizaciones y la sociedad en general. Su irrupci\u00f3n est\u00e1 transformando la forma de trabajar en multitud de sectores y generando numerosos debates \u00e9ticos y legales sobre los que la jornada trat\u00f3 de arrojar luz, a trav\u00e9s de ponencias, debates y un workshop para redactar la posici\u00f3n com\u00fan de las administraciones p\u00fablicas respecto a la gobernanza y el uso de la IA.<\/p>\n<p><img loading=\"lazy\" class=\"alignnone size-full wp-image-12660\" src=\"https:\/\/www.sivsa.com\/site\/wp-content\/uploads\/2024\/06\/1719498729916.jpg\" alt=\"\" width=\"2016\" height=\"1134\" srcset=\"https:\/\/www.sivsa.com\/site\/wp-content\/uploads\/2024\/06\/1719498729916.jpg 2016w, https:\/\/www.sivsa.com\/site\/wp-content\/uploads\/2024\/06\/1719498729916-300x169.jpg 300w, https:\/\/www.sivsa.com\/site\/wp-content\/uploads\/2024\/06\/1719498729916-1024x576.jpg 1024w, https:\/\/www.sivsa.com\/site\/wp-content\/uploads\/2024\/06\/1719498729916-1536x864.jpg 1536w, https:\/\/www.sivsa.com\/site\/wp-content\/uploads\/2024\/06\/1719498729916-600x338.jpg 600w, https:\/\/www.sivsa.com\/site\/wp-content\/uploads\/2024\/06\/1719498729916-768x432.jpg 768w\" sizes=\"(max-width: 2016px) 100vw, 2016px\" \/><\/p>\n<p><img loading=\"lazy\" class=\"alignnone size-full wp-image-12659\" src=\"https:\/\/www.sivsa.com\/site\/wp-content\/uploads\/2024\/06\/GARTNER.jpg\" alt=\"\" width=\"1200\" height=\"800\" srcset=\"https:\/\/www.sivsa.com\/site\/wp-content\/uploads\/2024\/06\/GARTNER.jpg 1200w, https:\/\/www.sivsa.com\/site\/wp-content\/uploads\/2024\/06\/GARTNER-300x200.jpg 300w, https:\/\/www.sivsa.com\/site\/wp-content\/uploads\/2024\/06\/GARTNER-1024x683.jpg 1024w, https:\/\/www.sivsa.com\/site\/wp-content\/uploads\/2024\/06\/GARTNER-600x400.jpg 600w, https:\/\/www.sivsa.com\/site\/wp-content\/uploads\/2024\/06\/GARTNER-768x512.jpg 768w\" sizes=\"(max-width: 1200px) 100vw, 1200px\" \/>La apertura oficial corri\u00f3 a cargo de Miguel Corgos, conselleiro de Hacienda y Administraci\u00f3n P\u00fablica de la Xunta de Galicia, y Jes\u00fas Embil, vicepresidente Regional de Espa\u00f1a y Portugal de Gartner. Tras su intervenci\u00f3n, la directora de la Oficina Europea de Inteligencia Artificial, recientemente creada por la Comisi\u00f3n Europea, Lucilla Sioli, habl\u00f3 del papel del organismo como guardi\u00e1n del reglamento. Por su parte, Mart\u00edn Piqueras, socio ejecutivo senior en Gartner, expuso su visi\u00f3n sobre \u201cIA y regulaci\u00f3n, \u00bfpodemos ponerle puertas al campo?<\/p>\n<p>El director de la Agencia para la Modernizaci\u00f3n Tecnol\u00f3gica de Galicia, Juli\u00e1n Cervi\u00f1o, la directora de Estrategia de la Agencia Digital de Andaluc\u00eda, Mar\u00eda P\u00e9rez, el director general de IT, Datos y Operaciones de Abanca, Jos\u00e9 Manuel Vali\u00f1o y el CIO &amp; CDO de Repsol, Juan Manuel Garc\u00eda, trataron en un interesante debate, moderado por el vicepresidente de Programas Ejecutivos de Gartner, Jordi Escal\u00e9, los \u201cRiesgos y oportunidades de la IA, su aplicaci\u00f3n tecnol\u00f3gica y su regulaci\u00f3n\u201d.<\/p>\n","protected":false},"excerpt":{"rendered":"<p>En SIVSA asistimos a la jornada \u201cEl impacto del reglamento europeo de inteligencia artificial\u201d, organizada por Gartner y que reuni\u00f3 a representantes auton\u00f3micos, del sector TIC y de las empresas del Pacto Digital de Galicia, ayer en la Cidade de la Cultura de Galicia. El encuentro, que fue clausurado por el presidente de la Xunta&#8230;<\/p>\n","protected":false},"author":6,"featured_media":12659,"comment_status":"closed","ping_status":"closed","sticky":false,"template":"","format":"standard","meta":{"xn-wppe-expiration":[],"xn-wppe-expiration-action":[],"xn-wppe-expiration-prefix":[]},"categories":[216],"tags":[],"yoast_head":"<!-- This site is optimized with the Yoast SEO plugin v19.6.1 - https:\/\/yoast.com\/wordpress\/plugins\/seo\/ -->\n<title>Asistimos a la jornada sobre &quot;El impacto del reglamento europeo de inteligencia artificial&quot; organizada por Gartner en la Cidade da Cultura<\/title>\n<meta name=\"description\" content=\"Asistimos a la jornada sobre &quot;El impacto del reglamento europeo de inteligencia artificial&quot; organizada por Gartner en la Cidade da Cultura.\" \/>\n<meta name=\"robots\" content=\"index, follow, max-snippet:-1, max-image-preview:large, max-video-preview:-1\" \/>\n<link rel=\"canonical\" href=\"https:\/\/www.sivsa.com\/site\/jornada-sobre-el-impacto-del-reglamento-europeo-de-inteligencia-artificial\/\" \/>\n<meta property=\"og:locale\" content=\"es_ES\" \/>\n<meta property=\"og:type\" content=\"article\" \/>\n<meta property=\"og:title\" content=\"Asistimos a la jornada sobre &quot;El impacto del reglamento europeo de inteligencia artificial&quot; organizada por Gartner en la Cidade da Cultura\" \/>\n<meta property=\"og:description\" content=\"Asistimos a la jornada sobre &quot;El impacto del reglamento europeo de inteligencia artificial&quot; organizada por Gartner en la Cidade da Cultura.\" \/>\n<meta property=\"og:url\" content=\"https:\/\/www.sivsa.com\/site\/jornada-sobre-el-impacto-del-reglamento-europeo-de-inteligencia-artificial\/\" \/>\n<meta property=\"og:site_name\" content=\"SIVSA\" \/>\n<meta property=\"article:published_time\" content=\"2024-06-28T07:33:46+00:00\" \/>\n<meta property=\"og:image\" content=\"https:\/\/www.sivsa.com\/site\/wp-content\/uploads\/2024\/06\/GARTNER.jpg\" \/>\n\t<meta property=\"og:image:width\" content=\"1200\" \/>\n\t<meta property=\"og:image:height\" content=\"800\" \/>\n\t<meta property=\"og:image:type\" content=\"image\/jpeg\" \/>\n<meta name=\"author\" content=\"redactor\" \/>\n<meta name=\"twitter:card\" content=\"summary\" \/>\n<meta name=\"twitter:creator\" content=\"@sivsa_es\" \/>\n<meta name=\"twitter:site\" content=\"@sivsa_es\" \/>\n<meta name=\"twitter:label1\" content=\"Escrito por\" \/>\n\t<meta name=\"twitter:data1\" content=\"redactor\" \/>\n\t<meta name=\"twitter:label2\" content=\"Tiempo de lectura\" \/>\n\t<meta name=\"twitter:data2\" content=\"2 minutos\" \/>\n<script type=\"application\/ld+json\" class=\"yoast-schema-graph\">{\"@context\":\"https:\/\/schema.org\",\"@graph\":[{\"@type\":\"WebPage\",\"@id\":\"https:\/\/www.sivsa.com\/site\/jornada-sobre-el-impacto-del-reglamento-europeo-de-inteligencia-artificial\/\",\"url\":\"https:\/\/www.sivsa.com\/site\/jornada-sobre-el-impacto-del-reglamento-europeo-de-inteligencia-artificial\/\",\"name\":\"Asistimos a la jornada sobre \\\"El impacto del reglamento europeo de inteligencia artificial\\\" organizada por Gartner en la Cidade da Cultura\",\"isPartOf\":{\"@id\":\"https:\/\/www.sivsa.com\/site\/#website\"},\"datePublished\":\"2024-06-28T07:33:46+00:00\",\"dateModified\":\"2024-06-28T07:33:46+00:00\",\"author\":{\"@id\":\"https:\/\/www.sivsa.com\/site\/#\/schema\/person\/87d6f8631ae6bb552fd7d5d14c154243\"},\"description\":\"Asistimos a la jornada sobre \\\"El impacto del reglamento europeo de inteligencia artificial\\\" organizada por Gartner en la Cidade da Cultura.\",\"breadcrumb\":{\"@id\":\"https:\/\/www.sivsa.com\/site\/jornada-sobre-el-impacto-del-reglamento-europeo-de-inteligencia-artificial\/#breadcrumb\"},\"inLanguage\":\"es\",\"potentialAction\":[{\"@type\":\"ReadAction\",\"target\":[\"https:\/\/www.sivsa.com\/site\/jornada-sobre-el-impacto-del-reglamento-europeo-de-inteligencia-artificial\/\"]}]},{\"@type\":\"BreadcrumbList\",\"@id\":\"https:\/\/www.sivsa.com\/site\/jornada-sobre-el-impacto-del-reglamento-europeo-de-inteligencia-artificial\/#breadcrumb\",\"itemListElement\":[{\"@type\":\"ListItem\",\"position\":1,\"name\":\"Portada\",\"item\":\"https:\/\/www.sivsa.com\/site\/\"},{\"@type\":\"ListItem\",\"position\":2,\"name\":\"Asistimos a la jornada sobre \u00abEl impacto del reglamento europeo de inteligencia artificial\u00bb organizada por Gartner en la Cidade da Cultura\"}]},{\"@type\":\"WebSite\",\"@id\":\"https:\/\/www.sivsa.com\/site\/#website\",\"url\":\"https:\/\/www.sivsa.com\/site\/\",\"name\":\"SIVSA\",\"description\":\"SIVSA. Communicate in technology\",\"potentialAction\":[{\"@type\":\"SearchAction\",\"target\":{\"@type\":\"EntryPoint\",\"urlTemplate\":\"https:\/\/www.sivsa.com\/site\/?s={search_term_string}\"},\"query-input\":\"required name=search_term_string\"}],\"inLanguage\":\"es\"},{\"@type\":\"Person\",\"@id\":\"https:\/\/www.sivsa.com\/site\/#\/schema\/person\/87d6f8631ae6bb552fd7d5d14c154243\",\"name\":\"redactor\",\"image\":{\"@type\":\"ImageObject\",\"inLanguage\":\"es\",\"@id\":\"https:\/\/www.sivsa.com\/site\/#\/schema\/person\/image\/\",\"url\":\"https:\/\/secure.gravatar.com\/avatar\/b7152bc117bb2e43cdaa9b1c47da78da?s=96&d=mm&r=g\",\"contentUrl\":\"https:\/\/secure.gravatar.com\/avatar\/b7152bc117bb2e43cdaa9b1c47da78da?s=96&d=mm&r=g\",\"caption\":\"redactor\"},\"url\":\"https:\/\/www.sivsa.com\/site\/author\/redactor\/\"}]}<\/script>\n<!-- \/ Yoast SEO plugin. -->","yoast_head_json":{"title":"Asistimos a la jornada sobre \"El impacto del reglamento europeo de inteligencia artificial\" organizada por Gartner en la Cidade da Cultura","description":"Asistimos a la jornada sobre \"El impacto del reglamento europeo de inteligencia artificial\" organizada por Gartner en la Cidade da Cultura.","robots":{"index":"index","follow":"follow","max-snippet":"max-snippet:-1","max-image-preview":"max-image-preview:large","max-video-preview":"max-video-preview:-1"},"canonical":"https:\/\/www.sivsa.com\/site\/jornada-sobre-el-impacto-del-reglamento-europeo-de-inteligencia-artificial\/","og_locale":"es_ES","og_type":"article","og_title":"Asistimos a la jornada sobre \"El impacto del reglamento europeo de inteligencia artificial\" organizada por Gartner en la Cidade da Cultura","og_description":"Asistimos a la jornada sobre \"El impacto del reglamento europeo de inteligencia artificial\" organizada por Gartner en la Cidade da Cultura.","og_url":"https:\/\/www.sivsa.com\/site\/jornada-sobre-el-impacto-del-reglamento-europeo-de-inteligencia-artificial\/","og_site_name":"SIVSA","article_published_time":"2024-06-28T07:33:46+00:00","og_image":[{"width":1200,"height":800,"url":"https:\/\/www.sivsa.com\/site\/wp-content\/uploads\/2024\/06\/GARTNER.jpg","type":"image\/jpeg"}],"author":"redactor","twitter_card":"summary","twitter_creator":"@sivsa_es","twitter_site":"@sivsa_es","twitter_misc":{"Escrito por":"redactor","Tiempo de lectura":"2 minutos"},"schema":{"@context":"https:\/\/schema.org","@graph":[{"@type":"WebPage","@id":"https:\/\/www.sivsa.com\/site\/jornada-sobre-el-impacto-del-reglamento-europeo-de-inteligencia-artificial\/","url":"https:\/\/www.sivsa.com\/site\/jornada-sobre-el-impacto-del-reglamento-europeo-de-inteligencia-artificial\/","name":"Asistimos a la jornada sobre \"El impacto del reglamento europeo de inteligencia artificial\" organizada por Gartner en la Cidade da Cultura","isPartOf":{"@id":"https:\/\/www.sivsa.com\/site\/#website"},"datePublished":"2024-06-28T07:33:46+00:00","dateModified":"2024-06-28T07:33:46+00:00","author":{"@id":"https:\/\/www.sivsa.com\/site\/#\/schema\/person\/87d6f8631ae6bb552fd7d5d14c154243"},"description":"Asistimos a la jornada sobre \"El impacto del reglamento europeo de inteligencia artificial\" organizada por Gartner en la Cidade da Cultura.","breadcrumb":{"@id":"https:\/\/www.sivsa.com\/site\/jornada-sobre-el-impacto-del-reglamento-europeo-de-inteligencia-artificial\/#breadcrumb"},"inLanguage":"es","potentialAction":[{"@type":"ReadAction","target":["https:\/\/www.sivsa.com\/site\/jornada-sobre-el-impacto-del-reglamento-europeo-de-inteligencia-artificial\/"]}]},{"@type":"BreadcrumbList","@id":"https:\/\/www.sivsa.com\/site\/jornada-sobre-el-impacto-del-reglamento-europeo-de-inteligencia-artificial\/#breadcrumb","itemListElement":[{"@type":"ListItem","position":1,"name":"Portada","item":"https:\/\/www.sivsa.com\/site\/"},{"@type":"ListItem","position":2,"name":"Asistimos a la jornada sobre \u00abEl impacto del reglamento europeo de inteligencia artificial\u00bb organizada por Gartner en la Cidade da Cultura"}]},{"@type":"WebSite","@id":"https:\/\/www.sivsa.com\/site\/#website","url":"https:\/\/www.sivsa.com\/site\/","name":"SIVSA","description":"SIVSA. Communicate in technology","potentialAction":[{"@type":"SearchAction","target":{"@type":"EntryPoint","urlTemplate":"https:\/\/www.sivsa.com\/site\/?s={search_term_string}"},"query-input":"required name=search_term_string"}],"inLanguage":"es"},{"@type":"Person","@id":"https:\/\/www.sivsa.com\/site\/#\/schema\/person\/87d6f8631ae6bb552fd7d5d14c154243","name":"redactor","image":{"@type":"ImageObject","inLanguage":"es","@id":"https:\/\/www.sivsa.com\/site\/#\/schema\/person\/image\/","url":"https:\/\/secure.gravatar.com\/avatar\/b7152bc117bb2e43cdaa9b1c47da78da?s=96&d=mm&r=g","contentUrl":"https:\/\/secure.gravatar.com\/avatar\/b7152bc117bb2e43cdaa9b1c47da78da?s=96&d=mm&r=g","caption":"redactor"},"url":"https:\/\/www.sivsa.com\/site\/author\/redactor\/"}]}},"_links":{"self":[{"href":"https:\/\/www.sivsa.com\/site\/wp-json\/wp\/v2\/posts\/12658"}],"collection":[{"href":"https:\/\/www.sivsa.com\/site\/wp-json\/wp\/v2\/posts"}],"about":[{"href":"https:\/\/www.sivsa.com\/site\/wp-json\/wp\/v2\/types\/post"}],"author":[{"embeddable":true,"href":"https:\/\/www.sivsa.com\/site\/wp-json\/wp\/v2\/users\/6"}],"replies":[{"embeddable":true,"href":"https:\/\/www.sivsa.com\/site\/wp-json\/wp\/v2\/comments?post=12658"}],"version-history":[{"count":1,"href":"https:\/\/www.sivsa.com\/site\/wp-json\/wp\/v2\/posts\/12658\/revisions"}],"predecessor-version":[{"id":12661,"href":"https:\/\/www.sivsa.com\/site\/wp-json\/wp\/v2\/posts\/12658\/revisions\/12661"}],"wp:featuredmedia":[{"embeddable":true,"href":"https:\/\/www.sivsa.com\/site\/wp-json\/wp\/v2\/media\/12659"}],"wp:attachment":[{"href":"https:\/\/www.sivsa.com\/site\/wp-json\/wp\/v2\/media?parent=12658"}],"wp:term":[{"taxonomy":"category","embeddable":true,"href":"https:\/\/www.sivsa.com\/site\/wp-json\/wp\/v2\/categories?post=12658"},{"taxonomy":"post_tag","embeddable":true,"href":"https:\/\/www.sivsa.com\/site\/wp-json\/wp\/v2\/tags?post=12658"}],"curies":[{"name":"wp","href":"https:\/\/api.w.org\/{rel}","templated":true}]}}