{"id":12576,"date":"2024-04-26T08:23:36","date_gmt":"2024-04-26T06:23:36","guid":{"rendered":"https:\/\/www.sivsa.com\/site\/?p=12576"},"modified":"2024-04-26T08:23:36","modified_gmt":"2024-04-26T06:23:36","slug":"uso-de-la-ia-generativa-en-el-entorno-de-trabajo","status":"publish","type":"post","link":"https:\/\/www.sivsa.com\/site\/uso-de-la-ia-generativa-en-el-entorno-de-trabajo\/","title":{"rendered":"Radiograf\u00eda del uso de la IA Generativa en el entorno de trabajo"},"content":{"rendered":"<p><strong>En Espa\u00f1a, el 22% de los trabajadores utiliza ya, en su d\u00eda a d\u00eda, herramientas de IA Generativa para su desempe\u00f1o laboral, el 74% de ellos, adem\u00e1s, reconoce que los hace m\u00e1s productivos.<\/strong> Sin embargo, la gran mayor\u00eda emplean esta tecnolog\u00eda sin tener la formaci\u00f3n y la orientaci\u00f3n adecuada, y lo que es m\u00e1s peligroso, sin el conocimiento y la aprobaci\u00f3n de la organizaci\u00f3n para la que trabajan.<\/p>\n<p>As\u00ed lo revela el informe \u201cLas Promesas y Dificultades de la AI Generativa en el trabajo\u201d, desarrollado por <a href=\"https:\/\/www.salesforce.com\/es\/\" target=\"_blank\" rel=\"noopener\">Salesforce<\/a>, que pone de manifiesto que, en este contexto, las cuestiones de gobernanza y regulaci\u00f3n han pasado a un primer plano. Y es que la r\u00e1pida popularizaci\u00f3n del uso de esta tecnolog\u00eda contrasta con realidad empresarial, en la que <strong>las pol\u00edticas y la formaci\u00f3n en torno a la <a href=\"https:\/\/www.sivsa.com\/site\/ia-generativa-pros-y-contras\/\" target=\"_blank\" rel=\"noopener\">IA Generativa<\/a> son inexistentes, no est\u00e1n claramente definidas<\/strong> o, en el mejor de los casos, son ambiguas, seg\u00fan pone en evidencia. Por el contrario, <strong>los trabajadores la consideran parte fundamental en el avance de su carrera profesional<\/strong>, pues la ven como un elemento diferencial para ser m\u00e1s demandados en su puesto de trabajo, promocionar en su compa\u00f1\u00eda o lograr un aumento de salario.<\/p>\n<div id=\"attachment_12577\" style=\"width: 1510px\" class=\"wp-caption aligncenter\"><img aria-describedby=\"caption-attachment-12577\" loading=\"lazy\" class=\"wp-image-12577 size-full\" title=\"Imagen para ilustrar el uso de IA Generativa en el entorno laboral.\" src=\"https:\/\/www.sivsa.com\/site\/wp-content\/uploads\/2024\/04\/IA-Generativa-en-el-trabajo.png\" alt=\"\" width=\"1500\" height=\"788\" srcset=\"https:\/\/www.sivsa.com\/site\/wp-content\/uploads\/2024\/04\/IA-Generativa-en-el-trabajo.png 1500w, https:\/\/www.sivsa.com\/site\/wp-content\/uploads\/2024\/04\/IA-Generativa-en-el-trabajo-300x158.png 300w, https:\/\/www.sivsa.com\/site\/wp-content\/uploads\/2024\/04\/IA-Generativa-en-el-trabajo-1024x538.png 1024w, https:\/\/www.sivsa.com\/site\/wp-content\/uploads\/2024\/04\/IA-Generativa-en-el-trabajo-600x315.png 600w, https:\/\/www.sivsa.com\/site\/wp-content\/uploads\/2024\/04\/IA-Generativa-en-el-trabajo-768x403.png 768w\" sizes=\"(max-width: 1500px) 100vw, 1500px\" \/><p id=\"caption-attachment-12577\" class=\"wp-caption-text\">Imagen para ilustrar el uso de IA Generativa en el entorno laboral.<\/p><\/div>\n<h4><strong>Uso indebido de la IA Generativa en la empresa<\/strong><\/h4>\n<p>Los trabajadores tienen claro que la mejor forma de garantizar un uso \u00e9tico y seguro de la <a href=\"https:\/\/www.sivsa.com\/site\/la-ia-generativa-acrecienta-la-desconfianza-en-los-contenidos-digitales-que-soluciones-proponen-las-grandes-tecnologicas-y-medios\/\" target=\"_blank\" rel=\"noopener\">IA Generativa <\/a>es utilizar solo aquellos programas aprobados por la empresa, pero <strong>el 61% de los empleados espa\u00f1oles reconoce que ha utilizado, en ocasiones, herramientas que no estaban autorizadas formalmente, e incluso que estaban prohibidas (33%).<\/strong><\/p>\n<p>El informe tambi\u00e9n revela que los usuarios realizan otras actividades \u00e9ticamente cuestionables cuando utilizan IA generativa en el trabajo, como engordar sus habilidades en esta materia para abrir nuevas oportunidades laborales (36%) o hacer pasar como propias labores realizadas por la IA (66%). Cabe se\u00f1alar que, en Espa\u00f1a, m\u00e1s del 70% afirma no haber recibido ning\u00fan tipo de formaci\u00f3n en este sentido, ni de como utilizarla de forma \u00e9tica ni segura en el puesto de trabajo.<\/p>\n<h4><strong>Influencia en la captaci\u00f3n y retenci\u00f3n del talento<\/strong><\/h4>\n<p>La IA Generativa se ha convertido tambi\u00e9n en una pieza clave para atraer y retener talento. <strong>Los profesionales ven con mejores ojos aquellas empresas que son proactivas y han tomado la delantera en IA Generativa<\/strong>, asegurando que, adem\u00e1s, les hace estar m\u00e1s comprometidos con los que hacen. Y es que <strong>valoran de forma muy positiva el impacto de la IA Generativa en t\u00e9rminos de creatividad e innovaci\u00f3n<\/strong> en su trabajo, tal como apunta un reciente informe de Avanade, en el que tambi\u00e9n admiten que \u201cno conf\u00edan en que los procesos de gesti\u00f3n de riesgos de su organizaci\u00f3n sean adecuados para una integraci\u00f3n t\u00e9cnica de IA Generativa en toda la empresa\u201d.<\/p>\n<p>Con esta realidad, <strong>las empresas est\u00e1n aumentando su inversi\u00f3n en IA Generativa.<\/strong> De hecho, se estima que, en 2027, el gasto en IA Generativa crecer\u00e1 m\u00e1s de tres veces m\u00e1s r\u00e1pido que el del resto del mercado de AI, y representar\u00e1 m\u00e1s de una cuarta parte del mercado total europeo, seg\u00fan la \u00faltima edici\u00f3n de la Gu\u00eda de Gasto Mundial en IA e IA Generativa de <a href=\"https:\/\/www.idc.com\/eu\" target=\"_blank\" rel=\"noopener\">IDC<\/a>.<\/p>\n<p>Las empresas necesitan optimizar los procesos empresariales y las soluciones de IA han demostrado su eficacia a la hora de impulsar la experiencia del cliente y mejorar la productividad de los empleados. El reto, integrar la IA en la organizaci\u00f3n, pero de forma responsable, \u00e9tica y con visi\u00f3n de futuro.<\/p>\n","protected":false},"excerpt":{"rendered":"<p>En Espa\u00f1a, el 22% de los trabajadores utiliza ya, en su d\u00eda a d\u00eda, herramientas de IA Generativa para su desempe\u00f1o laboral, el 74% de ellos, adem\u00e1s, reconoce que los hace m\u00e1s productivos. Sin embargo, la gran mayor\u00eda emplean esta tecnolog\u00eda sin tener la formaci\u00f3n y la orientaci\u00f3n adecuada, y lo que es m\u00e1s peligroso,&#8230;<\/p>\n","protected":false},"author":6,"featured_media":12577,"comment_status":"closed","ping_status":"closed","sticky":false,"template":"","format":"standard","meta":{"xn-wppe-expiration":[],"xn-wppe-expiration-action":[],"xn-wppe-expiration-prefix":[]},"categories":[216],"tags":[495],"yoast_head":"<!-- This site is optimized with the Yoast SEO plugin v19.6.1 - https:\/\/yoast.com\/wordpress\/plugins\/seo\/ -->\n<title>Radiograf\u00eda del uso de la IA Generativa en el entorno de trabajo - SIVSA<\/title>\n<meta name=\"description\" content=\"En Espa\u00f1a, la mayor\u00eda de los trabajadores que usan IA Generativa lo hacen sin tener formaci\u00f3n e incluso sin la aprobaci\u00f3n de la empresa.\" \/>\n<meta name=\"robots\" content=\"index, follow, max-snippet:-1, max-image-preview:large, max-video-preview:-1\" \/>\n<link rel=\"canonical\" href=\"https:\/\/www.sivsa.com\/site\/uso-de-la-ia-generativa-en-el-entorno-de-trabajo\/\" \/>\n<meta property=\"og:locale\" content=\"es_ES\" \/>\n<meta property=\"og:type\" content=\"article\" \/>\n<meta property=\"og:title\" content=\"Radiograf\u00eda del uso de la IA Generativa en el entorno de trabajo - SIVSA\" \/>\n<meta property=\"og:description\" content=\"En Espa\u00f1a, la mayor\u00eda de los trabajadores que usan IA Generativa lo hacen sin tener formaci\u00f3n e incluso sin la aprobaci\u00f3n de la empresa.\" \/>\n<meta property=\"og:url\" content=\"https:\/\/www.sivsa.com\/site\/uso-de-la-ia-generativa-en-el-entorno-de-trabajo\/\" \/>\n<meta property=\"og:site_name\" content=\"SIVSA\" \/>\n<meta property=\"article:published_time\" content=\"2024-04-26T06:23:36+00:00\" \/>\n<meta property=\"og:image\" content=\"https:\/\/www.sivsa.com\/site\/wp-content\/uploads\/2024\/04\/IA-Generativa-en-el-trabajo.png\" \/>\n\t<meta property=\"og:image:width\" content=\"1500\" \/>\n\t<meta property=\"og:image:height\" content=\"788\" \/>\n\t<meta property=\"og:image:type\" content=\"image\/png\" \/>\n<meta name=\"author\" content=\"redactor\" \/>\n<meta name=\"twitter:card\" content=\"summary\" \/>\n<meta name=\"twitter:creator\" content=\"@sivsa_es\" \/>\n<meta name=\"twitter:site\" content=\"@sivsa_es\" \/>\n<meta name=\"twitter:label1\" content=\"Escrito por\" \/>\n\t<meta name=\"twitter:data1\" content=\"redactor\" \/>\n\t<meta name=\"twitter:label2\" content=\"Tiempo de lectura\" \/>\n\t<meta name=\"twitter:data2\" content=\"3 minutos\" \/>\n<script type=\"application\/ld+json\" class=\"yoast-schema-graph\">{\"@context\":\"https:\/\/schema.org\",\"@graph\":[{\"@type\":\"WebPage\",\"@id\":\"https:\/\/www.sivsa.com\/site\/uso-de-la-ia-generativa-en-el-entorno-de-trabajo\/\",\"url\":\"https:\/\/www.sivsa.com\/site\/uso-de-la-ia-generativa-en-el-entorno-de-trabajo\/\",\"name\":\"Radiograf\u00eda del uso de la IA Generativa en el entorno de trabajo - SIVSA\",\"isPartOf\":{\"@id\":\"https:\/\/www.sivsa.com\/site\/#website\"},\"datePublished\":\"2024-04-26T06:23:36+00:00\",\"dateModified\":\"2024-04-26T06:23:36+00:00\",\"author\":{\"@id\":\"https:\/\/www.sivsa.com\/site\/#\/schema\/person\/87d6f8631ae6bb552fd7d5d14c154243\"},\"description\":\"En Espa\u00f1a, la mayor\u00eda de los trabajadores que usan IA Generativa lo hacen sin tener formaci\u00f3n e incluso sin la aprobaci\u00f3n de la empresa.\",\"breadcrumb\":{\"@id\":\"https:\/\/www.sivsa.com\/site\/uso-de-la-ia-generativa-en-el-entorno-de-trabajo\/#breadcrumb\"},\"inLanguage\":\"es\",\"potentialAction\":[{\"@type\":\"ReadAction\",\"target\":[\"https:\/\/www.sivsa.com\/site\/uso-de-la-ia-generativa-en-el-entorno-de-trabajo\/\"]}]},{\"@type\":\"BreadcrumbList\",\"@id\":\"https:\/\/www.sivsa.com\/site\/uso-de-la-ia-generativa-en-el-entorno-de-trabajo\/#breadcrumb\",\"itemListElement\":[{\"@type\":\"ListItem\",\"position\":1,\"name\":\"Portada\",\"item\":\"https:\/\/www.sivsa.com\/site\/\"},{\"@type\":\"ListItem\",\"position\":2,\"name\":\"Radiograf\u00eda del uso de la IA Generativa en el entorno de trabajo\"}]},{\"@type\":\"WebSite\",\"@id\":\"https:\/\/www.sivsa.com\/site\/#website\",\"url\":\"https:\/\/www.sivsa.com\/site\/\",\"name\":\"SIVSA\",\"description\":\"SIVSA. Communicate in technology\",\"potentialAction\":[{\"@type\":\"SearchAction\",\"target\":{\"@type\":\"EntryPoint\",\"urlTemplate\":\"https:\/\/www.sivsa.com\/site\/?s={search_term_string}\"},\"query-input\":\"required name=search_term_string\"}],\"inLanguage\":\"es\"},{\"@type\":\"Person\",\"@id\":\"https:\/\/www.sivsa.com\/site\/#\/schema\/person\/87d6f8631ae6bb552fd7d5d14c154243\",\"name\":\"redactor\",\"image\":{\"@type\":\"ImageObject\",\"inLanguage\":\"es\",\"@id\":\"https:\/\/www.sivsa.com\/site\/#\/schema\/person\/image\/\",\"url\":\"https:\/\/secure.gravatar.com\/avatar\/b7152bc117bb2e43cdaa9b1c47da78da?s=96&d=mm&r=g\",\"contentUrl\":\"https:\/\/secure.gravatar.com\/avatar\/b7152bc117bb2e43cdaa9b1c47da78da?s=96&d=mm&r=g\",\"caption\":\"redactor\"},\"url\":\"https:\/\/www.sivsa.com\/site\/author\/redactor\/\"}]}<\/script>\n<!-- \/ Yoast SEO plugin. -->","yoast_head_json":{"title":"Radiograf\u00eda del uso de la IA Generativa en el entorno de trabajo - SIVSA","description":"En Espa\u00f1a, la mayor\u00eda de los trabajadores que usan IA Generativa lo hacen sin tener formaci\u00f3n e incluso sin la aprobaci\u00f3n de la empresa.","robots":{"index":"index","follow":"follow","max-snippet":"max-snippet:-1","max-image-preview":"max-image-preview:large","max-video-preview":"max-video-preview:-1"},"canonical":"https:\/\/www.sivsa.com\/site\/uso-de-la-ia-generativa-en-el-entorno-de-trabajo\/","og_locale":"es_ES","og_type":"article","og_title":"Radiograf\u00eda del uso de la IA Generativa en el entorno de trabajo - SIVSA","og_description":"En Espa\u00f1a, la mayor\u00eda de los trabajadores que usan IA Generativa lo hacen sin tener formaci\u00f3n e incluso sin la aprobaci\u00f3n de la empresa.","og_url":"https:\/\/www.sivsa.com\/site\/uso-de-la-ia-generativa-en-el-entorno-de-trabajo\/","og_site_name":"SIVSA","article_published_time":"2024-04-26T06:23:36+00:00","og_image":[{"width":1500,"height":788,"url":"https:\/\/www.sivsa.com\/site\/wp-content\/uploads\/2024\/04\/IA-Generativa-en-el-trabajo.png","type":"image\/png"}],"author":"redactor","twitter_card":"summary","twitter_creator":"@sivsa_es","twitter_site":"@sivsa_es","twitter_misc":{"Escrito por":"redactor","Tiempo de lectura":"3 minutos"},"schema":{"@context":"https:\/\/schema.org","@graph":[{"@type":"WebPage","@id":"https:\/\/www.sivsa.com\/site\/uso-de-la-ia-generativa-en-el-entorno-de-trabajo\/","url":"https:\/\/www.sivsa.com\/site\/uso-de-la-ia-generativa-en-el-entorno-de-trabajo\/","name":"Radiograf\u00eda del uso de la IA Generativa en el entorno de trabajo - SIVSA","isPartOf":{"@id":"https:\/\/www.sivsa.com\/site\/#website"},"datePublished":"2024-04-26T06:23:36+00:00","dateModified":"2024-04-26T06:23:36+00:00","author":{"@id":"https:\/\/www.sivsa.com\/site\/#\/schema\/person\/87d6f8631ae6bb552fd7d5d14c154243"},"description":"En Espa\u00f1a, la mayor\u00eda de los trabajadores que usan IA Generativa lo hacen sin tener formaci\u00f3n e incluso sin la aprobaci\u00f3n de la empresa.","breadcrumb":{"@id":"https:\/\/www.sivsa.com\/site\/uso-de-la-ia-generativa-en-el-entorno-de-trabajo\/#breadcrumb"},"inLanguage":"es","potentialAction":[{"@type":"ReadAction","target":["https:\/\/www.sivsa.com\/site\/uso-de-la-ia-generativa-en-el-entorno-de-trabajo\/"]}]},{"@type":"BreadcrumbList","@id":"https:\/\/www.sivsa.com\/site\/uso-de-la-ia-generativa-en-el-entorno-de-trabajo\/#breadcrumb","itemListElement":[{"@type":"ListItem","position":1,"name":"Portada","item":"https:\/\/www.sivsa.com\/site\/"},{"@type":"ListItem","position":2,"name":"Radiograf\u00eda del uso de la IA Generativa en el entorno de trabajo"}]},{"@type":"WebSite","@id":"https:\/\/www.sivsa.com\/site\/#website","url":"https:\/\/www.sivsa.com\/site\/","name":"SIVSA","description":"SIVSA. Communicate in technology","potentialAction":[{"@type":"SearchAction","target":{"@type":"EntryPoint","urlTemplate":"https:\/\/www.sivsa.com\/site\/?s={search_term_string}"},"query-input":"required name=search_term_string"}],"inLanguage":"es"},{"@type":"Person","@id":"https:\/\/www.sivsa.com\/site\/#\/schema\/person\/87d6f8631ae6bb552fd7d5d14c154243","name":"redactor","image":{"@type":"ImageObject","inLanguage":"es","@id":"https:\/\/www.sivsa.com\/site\/#\/schema\/person\/image\/","url":"https:\/\/secure.gravatar.com\/avatar\/b7152bc117bb2e43cdaa9b1c47da78da?s=96&d=mm&r=g","contentUrl":"https:\/\/secure.gravatar.com\/avatar\/b7152bc117bb2e43cdaa9b1c47da78da?s=96&d=mm&r=g","caption":"redactor"},"url":"https:\/\/www.sivsa.com\/site\/author\/redactor\/"}]}},"_links":{"self":[{"href":"https:\/\/www.sivsa.com\/site\/wp-json\/wp\/v2\/posts\/12576"}],"collection":[{"href":"https:\/\/www.sivsa.com\/site\/wp-json\/wp\/v2\/posts"}],"about":[{"href":"https:\/\/www.sivsa.com\/site\/wp-json\/wp\/v2\/types\/post"}],"author":[{"embeddable":true,"href":"https:\/\/www.sivsa.com\/site\/wp-json\/wp\/v2\/users\/6"}],"replies":[{"embeddable":true,"href":"https:\/\/www.sivsa.com\/site\/wp-json\/wp\/v2\/comments?post=12576"}],"version-history":[{"count":1,"href":"https:\/\/www.sivsa.com\/site\/wp-json\/wp\/v2\/posts\/12576\/revisions"}],"predecessor-version":[{"id":12578,"href":"https:\/\/www.sivsa.com\/site\/wp-json\/wp\/v2\/posts\/12576\/revisions\/12578"}],"wp:featuredmedia":[{"embeddable":true,"href":"https:\/\/www.sivsa.com\/site\/wp-json\/wp\/v2\/media\/12577"}],"wp:attachment":[{"href":"https:\/\/www.sivsa.com\/site\/wp-json\/wp\/v2\/media?parent=12576"}],"wp:term":[{"taxonomy":"category","embeddable":true,"href":"https:\/\/www.sivsa.com\/site\/wp-json\/wp\/v2\/categories?post=12576"},{"taxonomy":"post_tag","embeddable":true,"href":"https:\/\/www.sivsa.com\/site\/wp-json\/wp\/v2\/tags?post=12576"}],"curies":[{"name":"wp","href":"https:\/\/api.w.org\/{rel}","templated":true}]}}