{"id":11684,"date":"2021-12-17T08:20:33","date_gmt":"2021-12-17T07:20:33","guid":{"rendered":"https:\/\/www.sivsa.com\/site\/?p=11684"},"modified":"2022-05-30T17:56:10","modified_gmt":"2022-05-30T15:56:10","slug":"ganador-tercera-edicion-concurso-postales-navidenas","status":"publish","type":"post","link":"https:\/\/www.sivsa.com\/site\/ganador-tercera-edicion-concurso-postales-navidenas\/","title":{"rendered":"\u00a1Ya tenemos ganadora del III Concurso de Postales Navide\u00f1as!"},"content":{"rendered":"<p>Ya conocemos el nombre de la ganadora y las finalistas de la tercera<strong>\u00a0edici\u00f3n del Concurso de Postales Infantiles Navide\u00f1as para Familiares de Empleados de SIVSA,\u00a0<\/strong>que durante los \u00faltimos d\u00edas se han elegido a trav\u00e9s de <a href=\"https:\/\/www.facebook.com\/sivsaTIC\/posts\/806945390018394\" target=\"_blank\" rel=\"noopener\" data-cke-saved-href=\"https:\/\/www.facebook.com\/sivsaTIC\/posts\/806945390018394\">nuestro perfil de Facebook<\/a>.<\/p>\n<p><strong>La postal ganadora es \u201cLluvia de regalos\u201d, dise\u00f1ada por Ariadna S\u00e1ez de Blas, de 8\u00a0a\u00f1os <\/strong>y sobrina de nuestro compa\u00f1ero Rub\u00e9n de Blas,<strong>\u00a0<\/strong>que ha logrado con 169 votos ser la postal que m\u00e1s reacciones positivas ha conseguido. Ariadna recibir\u00e1, de parte de todo el equipo SIVSA, un regalo sorpresa por su esfuerzo y gran trabajo para ayudarnos a llevar a nuestros clientes,<em> partners<\/em> y proveedores\u00a0la\u00a0ilusi\u00f3n, el\u00a0esp\u00edritu navide\u00f1o\u00a0y nuestros mejores\u00a0deseos en estas fiestas.<\/p>\n<p>Su<strong>\u00a0dise\u00f1o ser\u00e1 la imagen oficial de nuestra felicitaci\u00f3n navide\u00f1a corporativa,<\/strong> y la que todo el equipo SIVSA puede comenzar a utilizar desde hoy mismo.<\/p>\n<div id=\"attachment_11685\" style=\"width: 1070px\" class=\"wp-caption aligncenter\"><img aria-describedby=\"caption-attachment-11685\" loading=\"lazy\" class=\"wp-image-11685 size-full\" src=\"https:\/\/www.sivsa.com\/site\/wp-content\/uploads\/2021\/12\/Lluvia-de-regalos.png\" alt=\"Lluvia de regalos, de Ariadna S\u00e1ez de Blas, de 8\u00a0a\u00f1os. \" width=\"1060\" height=\"1500\" srcset=\"https:\/\/www.sivsa.com\/site\/wp-content\/uploads\/2021\/12\/Lluvia-de-regalos.png 1060w, https:\/\/www.sivsa.com\/site\/wp-content\/uploads\/2021\/12\/Lluvia-de-regalos-212x300.png 212w, https:\/\/www.sivsa.com\/site\/wp-content\/uploads\/2021\/12\/Lluvia-de-regalos-724x1024.png 724w, https:\/\/www.sivsa.com\/site\/wp-content\/uploads\/2021\/12\/Lluvia-de-regalos-600x849.png 600w, https:\/\/www.sivsa.com\/site\/wp-content\/uploads\/2021\/12\/Lluvia-de-regalos-768x1087.png 768w\" sizes=\"(max-width: 1060px) 100vw, 1060px\" \/><p id=\"caption-attachment-11685\" class=\"wp-caption-text\">Lluvia de regalos, de Ariadna S\u00e1ez de Blas, de 8\u00a0a\u00f1os.<\/p><\/div>\n<p>En<strong> segundo lugar,<\/strong> se ha clasificado <strong>\u201cLa Navidad Feliz\u201d, de la peque\u00f1a artista,\u00a0 Marycielo Alor Medina, de 8 a\u00f1os<\/strong>, hija de nuestro compa\u00f1ero Freddi Alor, con 130 votos.<\/p>\n<div id=\"attachment_11686\" style=\"width: 610px\" class=\"wp-caption alignnone\"><img aria-describedby=\"caption-attachment-11686\" loading=\"lazy\" class=\"wp-image-11686 size-us_600_600_crop\" src=\"https:\/\/www.sivsa.com\/site\/wp-content\/uploads\/2021\/12\/Marycielo_Alor-La_Navidad_feliz-600x600.jpeg\" alt=\"\u201cLa Navidad Feliz\u201d, de Marycielo Alor Medina, de 8 a\u00f1os.\" width=\"600\" height=\"600\" srcset=\"https:\/\/www.sivsa.com\/site\/wp-content\/uploads\/2021\/12\/Marycielo_Alor-La_Navidad_feliz-600x600.jpeg 600w, https:\/\/www.sivsa.com\/site\/wp-content\/uploads\/2021\/12\/Marycielo_Alor-La_Navidad_feliz-150x150.jpeg 150w, https:\/\/www.sivsa.com\/site\/wp-content\/uploads\/2021\/12\/Marycielo_Alor-La_Navidad_feliz-350x350.jpeg 350w\" sizes=\"(max-width: 600px) 100vw, 600px\" \/><p id=\"caption-attachment-11686\" class=\"wp-caption-text\">\u201cLa Navidad Feliz\u201d, de Marycielo Alor Medina, de 8 a\u00f1os.<\/p><\/div>\n<p>El <strong>tercer puesto<\/strong> ha reca\u00eddo en <strong>\u201cFeliz \u00e1rbol de Navidad\u201d, de Diana Emilia Varela Szydlowska,<\/strong>\u00a0de 4 a\u00f1os e hija de nuestra compa\u00f1era Emilia\u00a0Szydlowska, que ha obtenido 44 votos.<\/p>\n<div id=\"attachment_11687\" style=\"width: 2570px\" class=\"wp-caption aligncenter\"><img aria-describedby=\"caption-attachment-11687\" loading=\"lazy\" class=\"wp-image-11687 size-full\" src=\"https:\/\/www.sivsa.com\/site\/wp-content\/uploads\/2021\/12\/Papa\u0301-Noel-papa-gallegas-scaled.jpeg\" alt=\"\" width=\"2560\" height=\"1865\" srcset=\"https:\/\/www.sivsa.com\/site\/wp-content\/uploads\/2021\/12\/Papa\u0301-Noel-papa-gallegas-scaled.jpeg 2560w, https:\/\/www.sivsa.com\/site\/wp-content\/uploads\/2021\/12\/Papa\u0301-Noel-papa-gallegas-300x219.jpeg 300w, https:\/\/www.sivsa.com\/site\/wp-content\/uploads\/2021\/12\/Papa\u0301-Noel-papa-gallegas-1024x746.jpeg 1024w, https:\/\/www.sivsa.com\/site\/wp-content\/uploads\/2021\/12\/Papa\u0301-Noel-papa-gallegas-1536x1119.jpeg 1536w, https:\/\/www.sivsa.com\/site\/wp-content\/uploads\/2021\/12\/Papa\u0301-Noel-papa-gallegas-2048x1492.jpeg 2048w, https:\/\/www.sivsa.com\/site\/wp-content\/uploads\/2021\/12\/Papa\u0301-Noel-papa-gallegas-600x437.jpeg 600w, https:\/\/www.sivsa.com\/site\/wp-content\/uploads\/2021\/12\/Papa\u0301-Noel-papa-gallegas-768x559.jpeg 768w\" sizes=\"(max-width: 2560px) 100vw, 2560px\" \/><p id=\"caption-attachment-11687\" class=\"wp-caption-text\">\u201cFeliz \u00e1rbol de Navidad\u201d, de Diana Emilia Varela Szydlowska,\u00a0de 4 a\u00f1os.<\/p><\/div>\n<p>Gracias a todos los peque\u00f1os participantes del equipo SIVSA por llenar de ilusi\u00f3n, de creatividad y de magia, un a\u00f1o m\u00e1s, la Navidad de nuestra compa\u00f1\u00eda.\u00a0 \u00a1Muchas felicidades a la ganadora y finalistas!<\/p>\n<p>Estos han sido los dise\u00f1os de todos los participantes:<\/p>\n<div id=\"attachment_11688\" style=\"width: 610px\" class=\"wp-caption alignnone\"><img aria-describedby=\"caption-attachment-11688\" loading=\"lazy\" class=\"wp-image-11688 size-us_600_600_crop\" src=\"https:\/\/www.sivsa.com\/site\/wp-content\/uploads\/2021\/12\/Sophia_Alor-Navidad_Bonita-600x600.jpeg\" alt=\"\" width=\"600\" height=\"600\" srcset=\"https:\/\/www.sivsa.com\/site\/wp-content\/uploads\/2021\/12\/Sophia_Alor-Navidad_Bonita-600x600.jpeg 600w, https:\/\/www.sivsa.com\/site\/wp-content\/uploads\/2021\/12\/Sophia_Alor-Navidad_Bonita-150x150.jpeg 150w, https:\/\/www.sivsa.com\/site\/wp-content\/uploads\/2021\/12\/Sophia_Alor-Navidad_Bonita-350x350.jpeg 350w\" sizes=\"(max-width: 600px) 100vw, 600px\" \/><p id=\"caption-attachment-11688\" class=\"wp-caption-text\">\u00abNavidad Bonita\u00bb, de Sophia Alor Medina, de 4 a\u00f1os.<\/p><\/div>\n<div style=\"width: 2570px\" class=\"wp-caption aligncenter\"><img loading=\"lazy\" class=\"wp-image-11690 size-full\" src=\"https:\/\/www.sivsa.com\/site\/wp-content\/uploads\/2021\/12\/Dibujo-Olivia-scaled.jpeg\" alt=\"\" width=\"2560\" height=\"1865\" srcset=\"https:\/\/www.sivsa.com\/site\/wp-content\/uploads\/2021\/12\/Dibujo-Olivia-scaled.jpeg 2560w, https:\/\/www.sivsa.com\/site\/wp-content\/uploads\/2021\/12\/Dibujo-Olivia-300x219.jpeg 300w, https:\/\/www.sivsa.com\/site\/wp-content\/uploads\/2021\/12\/Dibujo-Olivia-1024x746.jpeg 1024w, https:\/\/www.sivsa.com\/site\/wp-content\/uploads\/2021\/12\/Dibujo-Olivia-1536x1119.jpeg 1536w, https:\/\/www.sivsa.com\/site\/wp-content\/uploads\/2021\/12\/Dibujo-Olivia-2048x1492.jpeg 2048w, https:\/\/www.sivsa.com\/site\/wp-content\/uploads\/2021\/12\/Dibujo-Olivia-600x437.jpeg 600w, https:\/\/www.sivsa.com\/site\/wp-content\/uploads\/2021\/12\/Dibujo-Olivia-768x559.jpeg 768w\" sizes=\"(max-width: 2560px) 100vw, 2560px\" \/><p class=\"wp-caption-text\">\u00abPap\u00e1 No\u00e9l papa galletas\u00bb, de Olivia Magdalena Varela Szydlowska, de 9 a\u00f1os.<\/p><\/div>\n<div id=\"attachment_11689\" style=\"width: 1070px\" class=\"wp-caption aligncenter\"><img aria-describedby=\"caption-attachment-11689\" loading=\"lazy\" class=\"wp-image-11689 size-full\" src=\"https:\/\/www.sivsa.com\/site\/wp-content\/uploads\/2021\/12\/Ya-vienen-los-reyes.png\" alt=\"\" width=\"1060\" height=\"1500\" srcset=\"https:\/\/www.sivsa.com\/site\/wp-content\/uploads\/2021\/12\/Ya-vienen-los-reyes.png 1060w, https:\/\/www.sivsa.com\/site\/wp-content\/uploads\/2021\/12\/Ya-vienen-los-reyes-212x300.png 212w, https:\/\/www.sivsa.com\/site\/wp-content\/uploads\/2021\/12\/Ya-vienen-los-reyes-724x1024.png 724w, https:\/\/www.sivsa.com\/site\/wp-content\/uploads\/2021\/12\/Ya-vienen-los-reyes-600x849.png 600w, https:\/\/www.sivsa.com\/site\/wp-content\/uploads\/2021\/12\/Ya-vienen-los-reyes-768x1087.png 768w\" sizes=\"(max-width: 1060px) 100vw, 1060px\" \/><p id=\"caption-attachment-11689\" class=\"wp-caption-text\">\u00abYa vienen los reyes\u00bb, de Nayara de Blas Garc\u00eda, de 10 a\u00f1os.<\/p><\/div>\n","protected":false},"excerpt":{"rendered":"<p>Ya conocemos el nombre de la ganadora y las finalistas de la tercera\u00a0edici\u00f3n del Concurso de Postales Infantiles Navide\u00f1as para Familiares de Empleados de SIVSA,\u00a0que durante los \u00faltimos d\u00edas se han elegido a trav\u00e9s de nuestro perfil de Facebook. La postal ganadora es \u201cLluvia de regalos\u201d, dise\u00f1ada por Ariadna S\u00e1ez de Blas, de 8\u00a0a\u00f1os y&#8230;<\/p>\n","protected":false},"author":6,"featured_media":11685,"comment_status":"closed","ping_status":"closed","sticky":false,"template":"","format":"standard","meta":{"xn-wppe-expiration":[],"xn-wppe-expiration-action":[],"xn-wppe-expiration-prefix":[]},"categories":[1],"tags":[],"yoast_head":"<!-- This site is optimized with the Yoast SEO plugin v19.6.1 - https:\/\/yoast.com\/wordpress\/plugins\/seo\/ -->\n<title>\u00a1Ya tenemos ganadora del III Concurso de Postales Navide\u00f1as!<\/title>\n<meta name=\"description\" content=\"La postal ganadora de la III edici\u00f3n del concurso de Postales Navide\u00f1as es \u201cLluvia de regalos\u201d, dise\u00f1ada por Ariadna S\u00e1ez de Blas, de 8\u00a0a\u00f1os.\" \/>\n<meta name=\"robots\" content=\"index, follow, max-snippet:-1, max-image-preview:large, max-video-preview:-1\" \/>\n<link rel=\"canonical\" href=\"https:\/\/www.sivsa.com\/site\/ganador-tercera-edicion-concurso-postales-navidenas\/\" \/>\n<meta property=\"og:locale\" content=\"es_ES\" \/>\n<meta property=\"og:type\" content=\"article\" \/>\n<meta property=\"og:title\" content=\"\u00a1Ya tenemos ganadora del III Concurso de Postales Navide\u00f1as!\" \/>\n<meta property=\"og:description\" content=\"La postal ganadora de la III edici\u00f3n del concurso de Postales Navide\u00f1as es \u201cLluvia de regalos\u201d, dise\u00f1ada por Ariadna S\u00e1ez de Blas, de 8\u00a0a\u00f1os.\" \/>\n<meta property=\"og:url\" content=\"https:\/\/www.sivsa.com\/site\/ganador-tercera-edicion-concurso-postales-navidenas\/\" \/>\n<meta property=\"og:site_name\" content=\"SIVSA\" \/>\n<meta property=\"article:published_time\" content=\"2021-12-17T07:20:33+00:00\" \/>\n<meta property=\"article:modified_time\" content=\"2022-05-30T15:56:10+00:00\" \/>\n<meta property=\"og:image\" content=\"https:\/\/www.sivsa.com\/site\/wp-content\/uploads\/2021\/12\/Lluvia-de-regalos.png\" \/>\n\t<meta property=\"og:image:width\" content=\"1060\" \/>\n\t<meta property=\"og:image:height\" content=\"1500\" \/>\n\t<meta property=\"og:image:type\" content=\"image\/png\" \/>\n<meta name=\"author\" content=\"redactor\" \/>\n<meta name=\"twitter:card\" content=\"summary\" \/>\n<meta name=\"twitter:creator\" content=\"@sivsa_es\" \/>\n<meta name=\"twitter:site\" content=\"@sivsa_es\" \/>\n<meta name=\"twitter:label1\" content=\"Escrito por\" \/>\n\t<meta name=\"twitter:data1\" content=\"redactor\" \/>\n\t<meta name=\"twitter:label2\" content=\"Tiempo de lectura\" \/>\n\t<meta name=\"twitter:data2\" content=\"3 minutos\" \/>\n<script type=\"application\/ld+json\" class=\"yoast-schema-graph\">{\"@context\":\"https:\/\/schema.org\",\"@graph\":[{\"@type\":\"WebPage\",\"@id\":\"https:\/\/www.sivsa.com\/site\/ganador-tercera-edicion-concurso-postales-navidenas\/\",\"url\":\"https:\/\/www.sivsa.com\/site\/ganador-tercera-edicion-concurso-postales-navidenas\/\",\"name\":\"\u00a1Ya tenemos ganadora del III Concurso de Postales Navide\u00f1as!\",\"isPartOf\":{\"@id\":\"https:\/\/www.sivsa.com\/site\/#website\"},\"datePublished\":\"2021-12-17T07:20:33+00:00\",\"dateModified\":\"2022-05-30T15:56:10+00:00\",\"author\":{\"@id\":\"https:\/\/www.sivsa.com\/site\/#\/schema\/person\/87d6f8631ae6bb552fd7d5d14c154243\"},\"description\":\"La postal ganadora de la III edici\u00f3n del concurso de Postales Navide\u00f1as es \u201cLluvia de regalos\u201d, dise\u00f1ada por Ariadna S\u00e1ez de Blas, de 8\u00a0a\u00f1os.\",\"breadcrumb\":{\"@id\":\"https:\/\/www.sivsa.com\/site\/ganador-tercera-edicion-concurso-postales-navidenas\/#breadcrumb\"},\"inLanguage\":\"es\",\"potentialAction\":[{\"@type\":\"ReadAction\",\"target\":[\"https:\/\/www.sivsa.com\/site\/ganador-tercera-edicion-concurso-postales-navidenas\/\"]}]},{\"@type\":\"BreadcrumbList\",\"@id\":\"https:\/\/www.sivsa.com\/site\/ganador-tercera-edicion-concurso-postales-navidenas\/#breadcrumb\",\"itemListElement\":[{\"@type\":\"ListItem\",\"position\":1,\"name\":\"Portada\",\"item\":\"https:\/\/www.sivsa.com\/site\/\"},{\"@type\":\"ListItem\",\"position\":2,\"name\":\"\u00a1Ya tenemos ganadora del III Concurso de Postales Navide\u00f1as!\"}]},{\"@type\":\"WebSite\",\"@id\":\"https:\/\/www.sivsa.com\/site\/#website\",\"url\":\"https:\/\/www.sivsa.com\/site\/\",\"name\":\"SIVSA\",\"description\":\"SIVSA. Communicate in technology\",\"potentialAction\":[{\"@type\":\"SearchAction\",\"target\":{\"@type\":\"EntryPoint\",\"urlTemplate\":\"https:\/\/www.sivsa.com\/site\/?s={search_term_string}\"},\"query-input\":\"required name=search_term_string\"}],\"inLanguage\":\"es\"},{\"@type\":\"Person\",\"@id\":\"https:\/\/www.sivsa.com\/site\/#\/schema\/person\/87d6f8631ae6bb552fd7d5d14c154243\",\"name\":\"redactor\",\"image\":{\"@type\":\"ImageObject\",\"inLanguage\":\"es\",\"@id\":\"https:\/\/www.sivsa.com\/site\/#\/schema\/person\/image\/\",\"url\":\"https:\/\/secure.gravatar.com\/avatar\/b7152bc117bb2e43cdaa9b1c47da78da?s=96&d=mm&r=g\",\"contentUrl\":\"https:\/\/secure.gravatar.com\/avatar\/b7152bc117bb2e43cdaa9b1c47da78da?s=96&d=mm&r=g\",\"caption\":\"redactor\"},\"url\":\"https:\/\/www.sivsa.com\/site\/author\/redactor\/\"}]}<\/script>\n<!-- \/ Yoast SEO plugin. -->","yoast_head_json":{"title":"\u00a1Ya tenemos ganadora del III Concurso de Postales Navide\u00f1as!","description":"La postal ganadora de la III edici\u00f3n del concurso de Postales Navide\u00f1as es \u201cLluvia de regalos\u201d, dise\u00f1ada por Ariadna S\u00e1ez de Blas, de 8\u00a0a\u00f1os.","robots":{"index":"index","follow":"follow","max-snippet":"max-snippet:-1","max-image-preview":"max-image-preview:large","max-video-preview":"max-video-preview:-1"},"canonical":"https:\/\/www.sivsa.com\/site\/ganador-tercera-edicion-concurso-postales-navidenas\/","og_locale":"es_ES","og_type":"article","og_title":"\u00a1Ya tenemos ganadora del III Concurso de Postales Navide\u00f1as!","og_description":"La postal ganadora de la III edici\u00f3n del concurso de Postales Navide\u00f1as es \u201cLluvia de regalos\u201d, dise\u00f1ada por Ariadna S\u00e1ez de Blas, de 8\u00a0a\u00f1os.","og_url":"https:\/\/www.sivsa.com\/site\/ganador-tercera-edicion-concurso-postales-navidenas\/","og_site_name":"SIVSA","article_published_time":"2021-12-17T07:20:33+00:00","article_modified_time":"2022-05-30T15:56:10+00:00","og_image":[{"width":1060,"height":1500,"url":"https:\/\/www.sivsa.com\/site\/wp-content\/uploads\/2021\/12\/Lluvia-de-regalos.png","type":"image\/png"}],"author":"redactor","twitter_card":"summary","twitter_creator":"@sivsa_es","twitter_site":"@sivsa_es","twitter_misc":{"Escrito por":"redactor","Tiempo de lectura":"3 minutos"},"schema":{"@context":"https:\/\/schema.org","@graph":[{"@type":"WebPage","@id":"https:\/\/www.sivsa.com\/site\/ganador-tercera-edicion-concurso-postales-navidenas\/","url":"https:\/\/www.sivsa.com\/site\/ganador-tercera-edicion-concurso-postales-navidenas\/","name":"\u00a1Ya tenemos ganadora del III Concurso de Postales Navide\u00f1as!","isPartOf":{"@id":"https:\/\/www.sivsa.com\/site\/#website"},"datePublished":"2021-12-17T07:20:33+00:00","dateModified":"2022-05-30T15:56:10+00:00","author":{"@id":"https:\/\/www.sivsa.com\/site\/#\/schema\/person\/87d6f8631ae6bb552fd7d5d14c154243"},"description":"La postal ganadora de la III edici\u00f3n del concurso de Postales Navide\u00f1as es \u201cLluvia de regalos\u201d, dise\u00f1ada por Ariadna S\u00e1ez de Blas, de 8\u00a0a\u00f1os.","breadcrumb":{"@id":"https:\/\/www.sivsa.com\/site\/ganador-tercera-edicion-concurso-postales-navidenas\/#breadcrumb"},"inLanguage":"es","potentialAction":[{"@type":"ReadAction","target":["https:\/\/www.sivsa.com\/site\/ganador-tercera-edicion-concurso-postales-navidenas\/"]}]},{"@type":"BreadcrumbList","@id":"https:\/\/www.sivsa.com\/site\/ganador-tercera-edicion-concurso-postales-navidenas\/#breadcrumb","itemListElement":[{"@type":"ListItem","position":1,"name":"Portada","item":"https:\/\/www.sivsa.com\/site\/"},{"@type":"ListItem","position":2,"name":"\u00a1Ya tenemos ganadora del III Concurso de Postales Navide\u00f1as!"}]},{"@type":"WebSite","@id":"https:\/\/www.sivsa.com\/site\/#website","url":"https:\/\/www.sivsa.com\/site\/","name":"SIVSA","description":"SIVSA. Communicate in technology","potentialAction":[{"@type":"SearchAction","target":{"@type":"EntryPoint","urlTemplate":"https:\/\/www.sivsa.com\/site\/?s={search_term_string}"},"query-input":"required name=search_term_string"}],"inLanguage":"es"},{"@type":"Person","@id":"https:\/\/www.sivsa.com\/site\/#\/schema\/person\/87d6f8631ae6bb552fd7d5d14c154243","name":"redactor","image":{"@type":"ImageObject","inLanguage":"es","@id":"https:\/\/www.sivsa.com\/site\/#\/schema\/person\/image\/","url":"https:\/\/secure.gravatar.com\/avatar\/b7152bc117bb2e43cdaa9b1c47da78da?s=96&d=mm&r=g","contentUrl":"https:\/\/secure.gravatar.com\/avatar\/b7152bc117bb2e43cdaa9b1c47da78da?s=96&d=mm&r=g","caption":"redactor"},"url":"https:\/\/www.sivsa.com\/site\/author\/redactor\/"}]}},"_links":{"self":[{"href":"https:\/\/www.sivsa.com\/site\/wp-json\/wp\/v2\/posts\/11684"}],"collection":[{"href":"https:\/\/www.sivsa.com\/site\/wp-json\/wp\/v2\/posts"}],"about":[{"href":"https:\/\/www.sivsa.com\/site\/wp-json\/wp\/v2\/types\/post"}],"author":[{"embeddable":true,"href":"https:\/\/www.sivsa.com\/site\/wp-json\/wp\/v2\/users\/6"}],"replies":[{"embeddable":true,"href":"https:\/\/www.sivsa.com\/site\/wp-json\/wp\/v2\/comments?post=11684"}],"version-history":[{"count":8,"href":"https:\/\/www.sivsa.com\/site\/wp-json\/wp\/v2\/posts\/11684\/revisions"}],"predecessor-version":[{"id":11698,"href":"https:\/\/www.sivsa.com\/site\/wp-json\/wp\/v2\/posts\/11684\/revisions\/11698"}],"wp:featuredmedia":[{"embeddable":true,"href":"https:\/\/www.sivsa.com\/site\/wp-json\/wp\/v2\/media\/11685"}],"wp:attachment":[{"href":"https:\/\/www.sivsa.com\/site\/wp-json\/wp\/v2\/media?parent=11684"}],"wp:term":[{"taxonomy":"category","embeddable":true,"href":"https:\/\/www.sivsa.com\/site\/wp-json\/wp\/v2\/categories?post=11684"},{"taxonomy":"post_tag","embeddable":true,"href":"https:\/\/www.sivsa.com\/site\/wp-json\/wp\/v2\/tags?post=11684"}],"curies":[{"name":"wp","href":"https:\/\/api.w.org\/{rel}","templated":true}]}}