{"id":10800,"date":"2020-09-07T13:37:48","date_gmt":"2020-09-07T11:37:48","guid":{"rendered":"https:\/\/www.sivsa.com\/site\/?p=10800"},"modified":"2022-05-30T17:56:16","modified_gmt":"2022-05-30T15:56:16","slug":"consejo-asesor-inteligencia-artificial","status":"publish","type":"post","link":"https:\/\/www.sivsa.com\/site\/consejo-asesor-inteligencia-artificial\/","title":{"rendered":"7 Ejes estrat\u00e9gicos del Consejo Asesor de Inteligencia Artificial"},"content":{"rendered":"<p>Los Gobiernos de todo el mundo son cada vez m\u00e1s conscientes del poder transformador de la <strong>Inteligencia Artificial<\/strong> (IA) en sus econom\u00edas, servicios p\u00fablicos y mercados laborales. Por ello, numerosos pa\u00edses han anunciado cambios de enfoque en sus pol\u00edticas o cuentan ya con estrategias nacionales integrales de IA.<\/p>\n<p><img loading=\"lazy\" class=\"alignnone wp-image-10801 size-full\" src=\"https:\/\/www.sivsa.com\/site\/wp-content\/uploads\/2020\/09\/Gra\u0301fica-Consejo-Asesor-IA-SIVSA-V22_Mesa-de-trabajo-1.png\" alt=\"\" width=\"2855\" height=\"2084\" srcset=\"https:\/\/www.sivsa.com\/site\/wp-content\/uploads\/2020\/09\/Gra\u0301fica-Consejo-Asesor-IA-SIVSA-V22_Mesa-de-trabajo-1.png 2855w, https:\/\/www.sivsa.com\/site\/wp-content\/uploads\/2020\/09\/Gra\u0301fica-Consejo-Asesor-IA-SIVSA-V22_Mesa-de-trabajo-1-300x219.png 300w, https:\/\/www.sivsa.com\/site\/wp-content\/uploads\/2020\/09\/Gra\u0301fica-Consejo-Asesor-IA-SIVSA-V22_Mesa-de-trabajo-1-1024x747.png 1024w, https:\/\/www.sivsa.com\/site\/wp-content\/uploads\/2020\/09\/Gra\u0301fica-Consejo-Asesor-IA-SIVSA-V22_Mesa-de-trabajo-1-600x438.png 600w, https:\/\/www.sivsa.com\/site\/wp-content\/uploads\/2020\/09\/Gra\u0301fica-Consejo-Asesor-IA-SIVSA-V22_Mesa-de-trabajo-1-768x561.png 768w\" sizes=\"(max-width: 2855px) 100vw, 2855px\" \/>En este contexto, el pasado mes de julio, el Gobierno present\u00f3 la <a href=\"https:\/\/www.mineco.gob.es\/stfls\/mineco\/prensa\/ficheros\/noticias\/2018\/200723_np_agenda.pdf\">Agenda Digital Espa\u00f1a 2025<\/a>, un plan que contempla la creaci\u00f3n de un <strong>Consejo Asesor de Inteligencia Artificial<\/strong> como una de las 50 medidas articuladas para impulsar la transformaci\u00f3n digital del pa\u00eds y transitar hacia una econom\u00eda del dato, bajo una premisa clara: que el 25 % de las empresas utilicen IA y Big Data dentro de cinco a\u00f1os.<\/p>\n<p>Este \u00f3rgano consultivo re\u00fane a <strong>18 expertos\/as en la materia<\/strong>, del \u00e1mbito p\u00fablico y privado, que asesorar\u00e1n al Ejecutivo en el dise\u00f1o y desarrollo de pol\u00edticas de IA con el objetivo de que esta tecnolog\u00eda se integre, con responsabilidad, en las empresas y en la sociedad. Estos los <strong>siete ejes estrat\u00e9gicos de este grupo de trabajo<\/strong>:<\/p>\n<ol>\n<li>Proporcionar asesoramiento y recomendaciones independientes sobre las medidas a adoptar para garantizar un <strong>uso seguro y \u00e9tico<\/strong> de la Inteligencia Artificial.<\/li>\n<li>Actuar en coordinaci\u00f3n con el\u00a0<strong>Consejo Consultivo para la Transformaci\u00f3n Digital<\/strong>, cuyo objetivo es facilitar un foro adecuado y renovado para la participaci\u00f3n de los distintos agentes econ\u00f3micos y sociales vinculados a esta materia.<\/li>\n<li>Colaborar en la creaci\u00f3n de una\u00a0<strong>Estrategia Nacional de Inteligencia Artificial\u00a0<\/strong>para alinear las pol\u00edticas nacionales destinadas a fomentar el desarrollo y el uso de la IA en Espa\u00f1a, situando al pa\u00eds a la altura de\u00a0los territorios l\u00edderes en investigaci\u00f3n.<\/li>\n<li>Lograr que esta estrategia contribuya a aumentar la inversi\u00f3n,<strong> reforzar la excelencia en tecnolog\u00edas y aplicaciones de IA<\/strong> y fortalecer la colaboraci\u00f3n p\u00fablico-privada para conseguir una prestaci\u00f3n m\u00e1s eficiente y mejorar las condiciones de vida de las personas.<\/li>\n<li>Consolidar la\u00a0<strong>competitividad de las empresas TIC<\/strong>a trav\u00e9s de las actividades de I+D en el conjunto de las Tecnolog\u00edas Habilitadoras Digitales, como el Internet de las Cosas y las redes 5G, la biometr\u00eda, la computaci\u00f3n en la nube, el\u00a0<em>blockchain<\/em>, la ciberseguridad o la propia IA.<\/li>\n<li>Contribuir a la\u00a0<strong>actualizaci\u00f3n de la oferta en educaci\u00f3n universitaria<\/strong>de esta materia, promover el inter\u00e9s por las tecnolog\u00edas maduras y la generaci\u00f3n del conocimiento necesario para las tecnolog\u00edas futuras desde la Universidad y facilitar la extensi\u00f3n del conocimiento desde \u00e9sta al conjunto de la sociedad.<\/li>\n<li>Desarrollar un <strong>marco \u00e9tico y jur\u00eddico para la IA<\/strong> basado en valores compartidos, acorde con el de la Uni\u00f3n Europea, para que esta tecnolog\u00eda se ponga<strong> al servicio de las personas<\/strong>, respetando su privacidad y derechos. Este conjunto de leyes se incluir\u00e1 en la Carta de Derechos Digitales, contemplada en la\u00a0Agenda Espa\u00f1a Digital 2025.<\/li>\n<\/ol>\n<p>La Inteligencia Artificial tiene un <strong>gran potencial econ\u00f3mico y social<\/strong>, que aportar\u00e1 a la econom\u00eda mundial <strong>13,3 billones de euros en 2030<\/strong>, seg\u00fan la Comisi\u00f3n Europea. Proporcionar\u00e1, adem\u00e1s, una amplia gama de oportunidades a las empresas, optimizando sus procesos, as\u00ed como a los servicios p\u00fablicos, personalizando \u00e1reas fundamentales como la salud y la educaci\u00f3n. Por ello, no debemos perder de vista a la ciencia que cambiar\u00e1 completamente nuestra realidad social.<\/p>\n<p>&nbsp;<\/p>\n","protected":false},"excerpt":{"rendered":"<p>Los Gobiernos de todo el mundo son cada vez m\u00e1s conscientes del poder transformador de la Inteligencia Artificial (IA) en sus econom\u00edas, servicios p\u00fablicos y mercados laborales. Por ello, numerosos pa\u00edses han anunciado cambios de enfoque en sus pol\u00edticas o cuentan ya con estrategias nacionales integrales de IA. En este contexto, el pasado mes de&#8230;<\/p>\n","protected":false},"author":6,"featured_media":10801,"comment_status":"closed","ping_status":"closed","sticky":false,"template":"","format":"standard","meta":{"xn-wppe-expiration":[],"xn-wppe-expiration-action":[],"xn-wppe-expiration-prefix":[]},"categories":[216],"tags":[358],"yoast_head":"<!-- This site is optimized with the Yoast SEO plugin v19.6.1 - https:\/\/yoast.com\/wordpress\/plugins\/seo\/ -->\n<title>7 Ejes estrat\u00e9gicos del Consejo Asesor de Inteligencia Artificial - SIVSA<\/title>\n<meta name=\"description\" content=\"El Consejo Asesor de Inteligencia Artificial asesor\u00e1 al Ejecutivo en el dise\u00f1o de pol\u00edticas que fomenten la integraci\u00f3n de esta tecnolog\u00eda en la sociedad.\" \/>\n<meta name=\"robots\" content=\"index, follow, max-snippet:-1, max-image-preview:large, max-video-preview:-1\" \/>\n<link rel=\"canonical\" href=\"https:\/\/www.sivsa.com\/site\/consejo-asesor-inteligencia-artificial\/\" \/>\n<meta property=\"og:locale\" content=\"es_ES\" \/>\n<meta property=\"og:type\" content=\"article\" \/>\n<meta property=\"og:title\" content=\"7 Ejes estrat\u00e9gicos del Consejo Asesor de Inteligencia Artificial - SIVSA\" \/>\n<meta property=\"og:description\" content=\"El Consejo Asesor de Inteligencia Artificial asesor\u00e1 al Ejecutivo en el dise\u00f1o de pol\u00edticas que fomenten la integraci\u00f3n de esta tecnolog\u00eda en la sociedad.\" \/>\n<meta property=\"og:url\" content=\"https:\/\/www.sivsa.com\/site\/consejo-asesor-inteligencia-artificial\/\" \/>\n<meta property=\"og:site_name\" content=\"SIVSA\" \/>\n<meta property=\"article:published_time\" content=\"2020-09-07T11:37:48+00:00\" \/>\n<meta property=\"article:modified_time\" content=\"2022-05-30T15:56:16+00:00\" \/>\n<meta property=\"og:image\" content=\"https:\/\/www.sivsa.com\/site\/wp-content\/uploads\/2020\/09\/Gra\u0301fica-Consejo-Asesor-IA-SIVSA-V22_Mesa-de-trabajo-1.png\" \/>\n\t<meta property=\"og:image:width\" content=\"2855\" \/>\n\t<meta property=\"og:image:height\" content=\"2084\" \/>\n\t<meta property=\"og:image:type\" content=\"image\/png\" \/>\n<meta name=\"author\" content=\"redactor\" \/>\n<meta name=\"twitter:card\" content=\"summary\" \/>\n<meta name=\"twitter:creator\" content=\"@sivsa_es\" \/>\n<meta name=\"twitter:site\" content=\"@sivsa_es\" \/>\n<meta name=\"twitter:label1\" content=\"Escrito por\" \/>\n\t<meta name=\"twitter:data1\" content=\"redactor\" \/>\n\t<meta name=\"twitter:label2\" content=\"Tiempo de lectura\" \/>\n\t<meta name=\"twitter:data2\" content=\"3 minutos\" \/>\n<script type=\"application\/ld+json\" class=\"yoast-schema-graph\">{\"@context\":\"https:\/\/schema.org\",\"@graph\":[{\"@type\":\"WebPage\",\"@id\":\"https:\/\/www.sivsa.com\/site\/consejo-asesor-inteligencia-artificial\/\",\"url\":\"https:\/\/www.sivsa.com\/site\/consejo-asesor-inteligencia-artificial\/\",\"name\":\"7 Ejes estrat\u00e9gicos del Consejo Asesor de Inteligencia Artificial - SIVSA\",\"isPartOf\":{\"@id\":\"https:\/\/www.sivsa.com\/site\/#website\"},\"datePublished\":\"2020-09-07T11:37:48+00:00\",\"dateModified\":\"2022-05-30T15:56:16+00:00\",\"author\":{\"@id\":\"https:\/\/www.sivsa.com\/site\/#\/schema\/person\/87d6f8631ae6bb552fd7d5d14c154243\"},\"description\":\"El Consejo Asesor de Inteligencia Artificial asesor\u00e1 al Ejecutivo en el dise\u00f1o de pol\u00edticas que fomenten la integraci\u00f3n de esta tecnolog\u00eda en la sociedad.\",\"breadcrumb\":{\"@id\":\"https:\/\/www.sivsa.com\/site\/consejo-asesor-inteligencia-artificial\/#breadcrumb\"},\"inLanguage\":\"es\",\"potentialAction\":[{\"@type\":\"ReadAction\",\"target\":[\"https:\/\/www.sivsa.com\/site\/consejo-asesor-inteligencia-artificial\/\"]}]},{\"@type\":\"BreadcrumbList\",\"@id\":\"https:\/\/www.sivsa.com\/site\/consejo-asesor-inteligencia-artificial\/#breadcrumb\",\"itemListElement\":[{\"@type\":\"ListItem\",\"position\":1,\"name\":\"Portada\",\"item\":\"https:\/\/www.sivsa.com\/site\/\"},{\"@type\":\"ListItem\",\"position\":2,\"name\":\"7 Ejes estrat\u00e9gicos del Consejo Asesor de Inteligencia Artificial\"}]},{\"@type\":\"WebSite\",\"@id\":\"https:\/\/www.sivsa.com\/site\/#website\",\"url\":\"https:\/\/www.sivsa.com\/site\/\",\"name\":\"SIVSA\",\"description\":\"SIVSA. Communicate in technology\",\"potentialAction\":[{\"@type\":\"SearchAction\",\"target\":{\"@type\":\"EntryPoint\",\"urlTemplate\":\"https:\/\/www.sivsa.com\/site\/?s={search_term_string}\"},\"query-input\":\"required name=search_term_string\"}],\"inLanguage\":\"es\"},{\"@type\":\"Person\",\"@id\":\"https:\/\/www.sivsa.com\/site\/#\/schema\/person\/87d6f8631ae6bb552fd7d5d14c154243\",\"name\":\"redactor\",\"image\":{\"@type\":\"ImageObject\",\"inLanguage\":\"es\",\"@id\":\"https:\/\/www.sivsa.com\/site\/#\/schema\/person\/image\/\",\"url\":\"https:\/\/secure.gravatar.com\/avatar\/b7152bc117bb2e43cdaa9b1c47da78da?s=96&d=mm&r=g\",\"contentUrl\":\"https:\/\/secure.gravatar.com\/avatar\/b7152bc117bb2e43cdaa9b1c47da78da?s=96&d=mm&r=g\",\"caption\":\"redactor\"},\"url\":\"https:\/\/www.sivsa.com\/site\/author\/redactor\/\"}]}<\/script>\n<!-- \/ Yoast SEO plugin. -->","yoast_head_json":{"title":"7 Ejes estrat\u00e9gicos del Consejo Asesor de Inteligencia Artificial - SIVSA","description":"El Consejo Asesor de Inteligencia Artificial asesor\u00e1 al Ejecutivo en el dise\u00f1o de pol\u00edticas que fomenten la integraci\u00f3n de esta tecnolog\u00eda en la sociedad.","robots":{"index":"index","follow":"follow","max-snippet":"max-snippet:-1","max-image-preview":"max-image-preview:large","max-video-preview":"max-video-preview:-1"},"canonical":"https:\/\/www.sivsa.com\/site\/consejo-asesor-inteligencia-artificial\/","og_locale":"es_ES","og_type":"article","og_title":"7 Ejes estrat\u00e9gicos del Consejo Asesor de Inteligencia Artificial - SIVSA","og_description":"El Consejo Asesor de Inteligencia Artificial asesor\u00e1 al Ejecutivo en el dise\u00f1o de pol\u00edticas que fomenten la integraci\u00f3n de esta tecnolog\u00eda en la sociedad.","og_url":"https:\/\/www.sivsa.com\/site\/consejo-asesor-inteligencia-artificial\/","og_site_name":"SIVSA","article_published_time":"2020-09-07T11:37:48+00:00","article_modified_time":"2022-05-30T15:56:16+00:00","og_image":[{"width":2855,"height":2084,"url":"https:\/\/www.sivsa.com\/site\/wp-content\/uploads\/2020\/09\/Gra\u0301fica-Consejo-Asesor-IA-SIVSA-V22_Mesa-de-trabajo-1.png","type":"image\/png"}],"author":"redactor","twitter_card":"summary","twitter_creator":"@sivsa_es","twitter_site":"@sivsa_es","twitter_misc":{"Escrito por":"redactor","Tiempo de lectura":"3 minutos"},"schema":{"@context":"https:\/\/schema.org","@graph":[{"@type":"WebPage","@id":"https:\/\/www.sivsa.com\/site\/consejo-asesor-inteligencia-artificial\/","url":"https:\/\/www.sivsa.com\/site\/consejo-asesor-inteligencia-artificial\/","name":"7 Ejes estrat\u00e9gicos del Consejo Asesor de Inteligencia Artificial - SIVSA","isPartOf":{"@id":"https:\/\/www.sivsa.com\/site\/#website"},"datePublished":"2020-09-07T11:37:48+00:00","dateModified":"2022-05-30T15:56:16+00:00","author":{"@id":"https:\/\/www.sivsa.com\/site\/#\/schema\/person\/87d6f8631ae6bb552fd7d5d14c154243"},"description":"El Consejo Asesor de Inteligencia Artificial asesor\u00e1 al Ejecutivo en el dise\u00f1o de pol\u00edticas que fomenten la integraci\u00f3n de esta tecnolog\u00eda en la sociedad.","breadcrumb":{"@id":"https:\/\/www.sivsa.com\/site\/consejo-asesor-inteligencia-artificial\/#breadcrumb"},"inLanguage":"es","potentialAction":[{"@type":"ReadAction","target":["https:\/\/www.sivsa.com\/site\/consejo-asesor-inteligencia-artificial\/"]}]},{"@type":"BreadcrumbList","@id":"https:\/\/www.sivsa.com\/site\/consejo-asesor-inteligencia-artificial\/#breadcrumb","itemListElement":[{"@type":"ListItem","position":1,"name":"Portada","item":"https:\/\/www.sivsa.com\/site\/"},{"@type":"ListItem","position":2,"name":"7 Ejes estrat\u00e9gicos del Consejo Asesor de Inteligencia Artificial"}]},{"@type":"WebSite","@id":"https:\/\/www.sivsa.com\/site\/#website","url":"https:\/\/www.sivsa.com\/site\/","name":"SIVSA","description":"SIVSA. Communicate in technology","potentialAction":[{"@type":"SearchAction","target":{"@type":"EntryPoint","urlTemplate":"https:\/\/www.sivsa.com\/site\/?s={search_term_string}"},"query-input":"required name=search_term_string"}],"inLanguage":"es"},{"@type":"Person","@id":"https:\/\/www.sivsa.com\/site\/#\/schema\/person\/87d6f8631ae6bb552fd7d5d14c154243","name":"redactor","image":{"@type":"ImageObject","inLanguage":"es","@id":"https:\/\/www.sivsa.com\/site\/#\/schema\/person\/image\/","url":"https:\/\/secure.gravatar.com\/avatar\/b7152bc117bb2e43cdaa9b1c47da78da?s=96&d=mm&r=g","contentUrl":"https:\/\/secure.gravatar.com\/avatar\/b7152bc117bb2e43cdaa9b1c47da78da?s=96&d=mm&r=g","caption":"redactor"},"url":"https:\/\/www.sivsa.com\/site\/author\/redactor\/"}]}},"_links":{"self":[{"href":"https:\/\/www.sivsa.com\/site\/wp-json\/wp\/v2\/posts\/10800"}],"collection":[{"href":"https:\/\/www.sivsa.com\/site\/wp-json\/wp\/v2\/posts"}],"about":[{"href":"https:\/\/www.sivsa.com\/site\/wp-json\/wp\/v2\/types\/post"}],"author":[{"embeddable":true,"href":"https:\/\/www.sivsa.com\/site\/wp-json\/wp\/v2\/users\/6"}],"replies":[{"embeddable":true,"href":"https:\/\/www.sivsa.com\/site\/wp-json\/wp\/v2\/comments?post=10800"}],"version-history":[{"count":2,"href":"https:\/\/www.sivsa.com\/site\/wp-json\/wp\/v2\/posts\/10800\/revisions"}],"predecessor-version":[{"id":10803,"href":"https:\/\/www.sivsa.com\/site\/wp-json\/wp\/v2\/posts\/10800\/revisions\/10803"}],"wp:featuredmedia":[{"embeddable":true,"href":"https:\/\/www.sivsa.com\/site\/wp-json\/wp\/v2\/media\/10801"}],"wp:attachment":[{"href":"https:\/\/www.sivsa.com\/site\/wp-json\/wp\/v2\/media?parent=10800"}],"wp:term":[{"taxonomy":"category","embeddable":true,"href":"https:\/\/www.sivsa.com\/site\/wp-json\/wp\/v2\/categories?post=10800"},{"taxonomy":"post_tag","embeddable":true,"href":"https:\/\/www.sivsa.com\/site\/wp-json\/wp\/v2\/tags?post=10800"}],"curies":[{"name":"wp","href":"https:\/\/api.w.org\/{rel}","templated":true}]}}